{"id":552182,"date":"2024-08-16T02:34:30","date_gmt":"2024-08-16T06:34:30","guid":{"rendered":"https:\/\/diariodominicano.com\/?p=552182"},"modified":"2024-08-16T02:34:33","modified_gmt":"2024-08-16T06:34:33","slug":"elecciones-del-consejo-directivo-cctds-2024-2026","status":"publish","type":"post","link":"https:\/\/diariodominicano.com\/?p=552182","title":{"rendered":"Elecciones del Consejo Directivo CCTDS 2024-2026"},"content":{"rendered":"\n<p>La&nbsp;<strong>C\u00e1mara de Comercio y Turismo Dominico-Suiza (CCTDS)<\/strong>, una entidad empresarial con 24 a\u00f1os de trayectoria en la Rep\u00fablica Dominicana, anuncia la elecci\u00f3n de su Consejo Directivo para el per\u00edodo&nbsp;<strong>2024-2026<\/strong>. En la reciente asamblea general, fue reelegido como presidente&nbsp;<strong>Gaetan Bucher<\/strong>, presdiente Falconbridge Dominicana y CEO de Caelum Capital, una firma internacional especializada en estrategias de capital y gesti\u00f3n de fondos de inversi\u00f3n.<\/p>\n\n\n\n<p>Bucher destac\u00f3 la evoluci\u00f3n de la CCTDS, subrayando que \u201cla madurez y el crecimiento alcanzados por la C\u00e1mara en los \u00faltimos a\u00f1os reflejan un compromiso continuo con el fortalecimiento del entorno empresarial y la relaci\u00f3n bilateral entre Suiza y la Rep\u00fablica Dominicana. En este nuevo mandato, la CCTDS se enfocar\u00e1 en consolidar estas iniciativas, impulsando un entorno de negocios a\u00fan m\u00e1s robusto y fruct\u00edfero.\u201d<\/p>\n\n\n\n<p>Durante este nuevo ciclo, la&nbsp;<strong>transformaci\u00f3n digital<\/strong>&nbsp;continuar\u00e1 siendo una prioridad clave para la CCTDS.&nbsp;<strong>La plataforma web de la C\u00e1mara<\/strong>&nbsp;contin\u00faa su fortalecimiento como una herramienta esencial para facilitar negocios y como un repositorio estrat\u00e9gico de contenidos de alta calidad, manteniendo a sus miembros informados sobre las \u00faltimas noticias y tendencias de los distintos sectores de la econom\u00eda.<\/p>\n\n\n\n<p>La CCTDS tambi\u00e9n celebra el&nbsp;<strong>\u00e9xito del programa de pasant\u00edas<\/strong>&nbsp;en colaboraci\u00f3n con la&nbsp;<strong>Universidad Iberoamericana (UNIBE)<\/strong>. Este programa ha sido fundamental en la formaci\u00f3n de j\u00f3venes talentos, quienes han contribuido de manera significativa en diversas \u00e1reas, incluyendo la implementaci\u00f3n de proyectos estrat\u00e9gicos y la generaci\u00f3n de contenidos para la plataforma web de la C\u00e1mara. Esta alianza no solo refuerza la misi\u00f3n de la CCTDS de apoyar el talento local, sino que tambi\u00e9n permite una innovaci\u00f3n constante a trav\u00e9s de la integraci\u00f3n de nuevas ideas y perspectivas.<\/p>\n\n\n\n<p><strong>Los eventos THINK<\/strong>, organizados por la CCTDS, se han consolidado como referentes en el entorno empresarial dominicano, proporcionando an\u00e1lisis cr\u00edticos y perspectivas que son vitales para la toma de decisiones en un contexto globalizado y en constante cambio.<\/p>\n\n\n\n<figure class=\"wp-block-image size-large\"><img loading=\"lazy\" decoding=\"async\" width=\"1024\" height=\"683\" src=\"https:\/\/diariodominicano.com\/wp-content\/uploads\/2024\/08\/Presidente-por-los-periodos-2014-162016-182018-202020-222022-24-es-tambien-Presidente-de-Falconbridge-Dominicana-y-CEO-de-Caelum-Capital-1024x683.jpeg\" alt=\"\" class=\"wp-image-552198\" srcset=\"https:\/\/diariodominicano.com\/wp-content\/uploads\/2024\/08\/Presidente-por-los-periodos-2014-162016-182018-202020-222022-24-es-tambien-Presidente-de-Falconbridge-Dominicana-y-CEO-de-Caelum-Capital-1024x683.jpeg 1024w, https:\/\/diariodominicano.com\/wp-content\/uploads\/2024\/08\/Presidente-por-los-periodos-2014-162016-182018-202020-222022-24-es-tambien-Presidente-de-Falconbridge-Dominicana-y-CEO-de-Caelum-Capital-300x200.jpeg 300w, https:\/\/diariodominicano.com\/wp-content\/uploads\/2024\/08\/Presidente-por-los-periodos-2014-162016-182018-202020-222022-24-es-tambien-Presidente-de-Falconbridge-Dominicana-y-CEO-de-Caelum-Capital-768x512.jpeg 768w, https:\/\/diariodominicano.com\/wp-content\/uploads\/2024\/08\/Presidente-por-los-periodos-2014-162016-182018-202020-222022-24-es-tambien-Presidente-de-Falconbridge-Dominicana-y-CEO-de-Caelum-Capital-816x544.jpeg 816w, https:\/\/diariodominicano.com\/wp-content\/uploads\/2024\/08\/Presidente-por-los-periodos-2014-162016-182018-202020-222022-24-es-tambien-Presidente-de-Falconbridge-Dominicana-y-CEO-de-Caelum-Capital.jpeg 1280w\" sizes=\"auto, (max-width: 1024px) 100vw, 1024px\" \/><figcaption class=\"wp-element-caption\">Presidente por los periodos 2014-16, 2016-18, 2018-2020, 20-22, 2022-24 es tambi\u00e9n Presidente de Falconbridge Dominicana y CEO de Caelum Capital, empresa de gesti\u00f3n de inversiones internacionales. Cuenta con una extensa trayectoria en finanzas internacionales y pol\u00edticas p\u00fablicas <\/figcaption><\/figure>\n\n\n\n<h3 class=\"wp-block-heading\">CONSEJO DIRECTIVO CCTDS 2024-2026<\/h3>\n\n\n\n<p><strong>C\u00e1mara de Comercio y Turismo Dom\u00ednico-Suiza, Inc.<\/strong>\u00a0adm@camaradominicosuiza.org <\/p>\n","protected":false},"excerpt":{"rendered":"<p>La&nbsp;C\u00e1mara de Comercio y Turismo Dominico-Suiza (CCTDS), una entidad empresarial con 24 a\u00f1os de trayectoria en la Rep\u00fablica Dominicana, anuncia la elecci\u00f3n de su Consejo Directivo para el per\u00edodo&nbsp;2024-2026. En la reciente asamblea general, fue reelegido como presidente&nbsp;Gaetan Bucher, presdiente Falconbridge Dominicana y CEO de Caelum Capital, una firma internacional especializada en estrategias de capital [&hellip;]<\/p>\n","protected":false},"author":7,"featured_media":552199,"comment_status":"closed","ping_status":"closed","sticky":false,"template":"","format":"standard","meta":{"footnotes":""},"categories":[18],"tags":[],"class_list":["post-552182","post","type-post","status-publish","format-standard","has-post-thumbnail","hentry","category-economia"],"_links":{"self":[{"href":"https:\/\/diariodominicano.com\/index.php?rest_route=\/wp\/v2\/posts\/552182","targetHints":{"allow":["GET"]}}],"collection":[{"href":"https:\/\/diariodominicano.com\/index.php?rest_route=\/wp\/v2\/posts"}],"about":[{"href":"https:\/\/diariodominicano.com\/index.php?rest_route=\/wp\/v2\/types\/post"}],"author":[{"embeddable":true,"href":"https:\/\/diariodominicano.com\/index.php?rest_route=\/wp\/v2\/users\/7"}],"replies":[{"embeddable":true,"href":"https:\/\/diariodominicano.com\/index.php?rest_route=%2Fwp%2Fv2%2Fcomments&post=552182"}],"version-history":[{"count":1,"href":"https:\/\/diariodominicano.com\/index.php?rest_route=\/wp\/v2\/posts\/552182\/revisions"}],"predecessor-version":[{"id":552214,"href":"https:\/\/diariodominicano.com\/index.php?rest_route=\/wp\/v2\/posts\/552182\/revisions\/552214"}],"wp:featuredmedia":[{"embeddable":true,"href":"https:\/\/diariodominicano.com\/index.php?rest_route=\/wp\/v2\/media\/552199"}],"wp:attachment":[{"href":"https:\/\/diariodominicano.com\/index.php?rest_route=%2Fwp%2Fv2%2Fmedia&parent=552182"}],"wp:term":[{"taxonomy":"category","embeddable":true,"href":"https:\/\/diariodominicano.com\/index.php?rest_route=%2Fwp%2Fv2%2Fcategories&post=552182"},{"taxonomy":"post_tag","embeddable":true,"href":"https:\/\/diariodominicano.com\/index.php?rest_route=%2Fwp%2Fv2%2Ftags&post=552182"}],"curies":[{"name":"wp","href":"https:\/\/api.w.org\/{rel}","templated":true}]}}