{"id":552160,"date":"2024-08-15T20:00:39","date_gmt":"2024-08-16T00:00:39","guid":{"rendered":"https:\/\/diariodominicano.com\/?p=552160"},"modified":"2024-08-15T20:00:41","modified_gmt":"2024-08-16T00:00:41","slug":"en-escucha-activa-asuntos-comunitarios-de-la-fiscalia-de-santiago-se-traslada-a-la-joya-a-conversar-con-vecinos","status":"publish","type":"post","link":"https:\/\/diariodominicano.com\/?p=552160","title":{"rendered":"En escucha activa: Asuntos Comunitarios de la Fiscal\u00eda de Santiago se traslada a La Joya a conversar con vecinos"},"content":{"rendered":"\n<p>Santo Domingo (R.D.), jueves, 15 de agosto de 2024. La Fiscal\u00eda de Santiago, a trav\u00e9s de su Departamento de Asuntos Comunitarios, particip\u00f3 de un encuentro desarrollado en el sector La Joya, en la parte baja de esta ciudad, en un acercamiento coordinado por el Consejo de Desarrollo Barrial y encabezado por la viceministra de Seguridad Preventiva en Gobiernos Locales del Ministerio de Interior y Polic\u00eda, \u00c1ngela J\u00e1quez.<\/p>\n\n\n\n<p>El foro ciudadano, al que asisti\u00f3 el director del Departamento de Asuntos Comunitarios, Mario Jos\u00e9 Almonte, reuni\u00f3 tambi\u00e9n a l\u00edderes comunitarios de juntas de vecinos y otros colectivos de las barriadas aleda\u00f1as Baracoa, La Cambronal y Plaza Valerio, entre otros.<\/p>\n\n\n\n<figure class=\"wp-block-gallery has-nested-images columns-default is-cropped wp-block-gallery-1 is-layout-flex wp-block-gallery-is-layout-flex\">\n<figure class=\"wp-block-image size-large\"><img loading=\"lazy\" decoding=\"async\" width=\"1024\" height=\"576\" data-id=\"552178\" src=\"https:\/\/diariodominicano.com\/wp-content\/uploads\/2024\/08\/En-escucha-activa-Asuntos-Comunitarios-de-Fiscalia-de-Santiago-se-traslada-a-La-Joya-a-conversar-con-vecinos-1024x576.jpg\" alt=\"\" class=\"wp-image-552178\" srcset=\"https:\/\/diariodominicano.com\/wp-content\/uploads\/2024\/08\/En-escucha-activa-Asuntos-Comunitarios-de-Fiscalia-de-Santiago-se-traslada-a-La-Joya-a-conversar-con-vecinos-1024x576.jpg 1024w, https:\/\/diariodominicano.com\/wp-content\/uploads\/2024\/08\/En-escucha-activa-Asuntos-Comunitarios-de-Fiscalia-de-Santiago-se-traslada-a-La-Joya-a-conversar-con-vecinos-300x169.jpg 300w, https:\/\/diariodominicano.com\/wp-content\/uploads\/2024\/08\/En-escucha-activa-Asuntos-Comunitarios-de-Fiscalia-de-Santiago-se-traslada-a-La-Joya-a-conversar-con-vecinos-768x432.jpg 768w, https:\/\/diariodominicano.com\/wp-content\/uploads\/2024\/08\/En-escucha-activa-Asuntos-Comunitarios-de-Fiscalia-de-Santiago-se-traslada-a-La-Joya-a-conversar-con-vecinos-816x459.jpg 816w, https:\/\/diariodominicano.com\/wp-content\/uploads\/2024\/08\/En-escucha-activa-Asuntos-Comunitarios-de-Fiscalia-de-Santiago-se-traslada-a-La-Joya-a-conversar-con-vecinos.jpg 1280w\" sizes=\"auto, (max-width: 1024px) 100vw, 1024px\" \/><\/figure>\n<\/figure>\n\n\n\n<p>La finalidad de estos encuentros, dijo Almonte, es poner el o\u00eddo en la preocupaci\u00f3n de la gente.<\/p>\n\n\n\n<p>\u00abEstos encuentros promueven el acercamiento, la confianza en las distintas autoridades, con la esperanza de que los problemas y delitos que exponen estos ciudadanos sean perseguidos y se encuentren soluciones\u00bb, expres\u00f3 el representante de la Fiscal\u00eda de Santiago.<\/p>\n\n\n\n<p>El director de Asuntos Comunitarios sostuvo, adem\u00e1s, que estas reuniones fortalecen el v\u00ednculo fiscal\u00eda &#8211; sociedad, en cuya interacci\u00f3n \u00abdamos un paso adelante a la comisi\u00f3n de cualquier delito, porque podemos identificar los focos de importancia donde se est\u00e9n produciendo hechos que amenazan la paz p\u00fablica\u00bb.<\/p>\n\n\n\n<p>La viceministra \u00c1ngela J\u00e1quez, consciente de la importancia de que se abran estos espacios de interacci\u00f3n comunitaria, valor\u00f3 el sentido cr\u00edtico y participativo de los convocados.<\/p>\n\n\n\n<p>Entre los temas abordados por los comunitarios est\u00e1n: la contaminaci\u00f3n s\u00f3nica, la venta de narc\u00f3ticos, la presencia de menores de edad en los alrededores de negocios para adultos, as\u00ed como conflictos menores a los que se les ofrecen soluciones alternativas, entre otros.<\/p>\n\n\n\n<p>Las estad\u00edsticas han corroborado que, donde se desarrollan estos encuentros, se registran importantes descensos en los niveles de violencia y criminalidad.<\/p>\n\n\n\n<p>La Direcci\u00f3n de Desarrollo Comunitario del Ayuntamiento de Santiago, representada en Hansel Mart\u00ednez, tambi\u00e9n estuvo presente; adem\u00e1s, la presidenta del Consejo, Cristina Peralta.<\/p>\n\n\n\n<p>Por la Polic\u00eda Nacional, estuvo el coronel Dur\u00e1n, y por la Federaci\u00f3n de Juntas de Vecinos de la Zona Sur, la activista comunitaria Angelita Villam\u00e1n.<\/p>\n\n\n\n<p>La Corporaci\u00f3n del Acueducto y Alcantarillado de Santiago (Coraasan) y la direcci\u00f3n provincial de Salud P\u00fablica tambi\u00e9n se hicieron representar en la reuni\u00f3n a fin de canalizar las demandas planteadas.<\/p>\n\n\n\n<p>Comunicaciones PGR<\/p>\n\n\n\n<p>Comunicaciones PGR <a href=\"mailto:comunicaciones@pgr.gob.do\" target=\"_blank\" rel=\"noreferrer noopener\">comunicaciones@pgr.gob.do<\/a> <\/p>\n","protected":false},"excerpt":{"rendered":"<p>Santo Domingo (R.D.), jueves, 15 de agosto de 2024. La Fiscal\u00eda de Santiago, a trav\u00e9s de su Departamento de Asuntos Comunitarios, particip\u00f3 de un encuentro desarrollado en el sector La Joya, en la parte baja de esta ciudad, en un acercamiento coordinado por el Consejo de Desarrollo Barrial y encabezado por la viceministra de Seguridad [&hellip;]<\/p>\n","protected":false},"author":7,"featured_media":552177,"comment_status":"closed","ping_status":"closed","sticky":false,"template":"","format":"standard","meta":{"footnotes":""},"categories":[24],"tags":[],"class_list":["post-552160","post","type-post","status-publish","format-standard","has-post-thumbnail","hentry","category-justicia-y-derecho"],"_links":{"self":[{"href":"https:\/\/diariodominicano.com\/index.php?rest_route=\/wp\/v2\/posts\/552160","targetHints":{"allow":["GET"]}}],"collection":[{"href":"https:\/\/diariodominicano.com\/index.php?rest_route=\/wp\/v2\/posts"}],"about":[{"href":"https:\/\/diariodominicano.com\/index.php?rest_route=\/wp\/v2\/types\/post"}],"author":[{"embeddable":true,"href":"https:\/\/diariodominicano.com\/index.php?rest_route=\/wp\/v2\/users\/7"}],"replies":[{"embeddable":true,"href":"https:\/\/diariodominicano.com\/index.php?rest_route=%2Fwp%2Fv2%2Fcomments&post=552160"}],"version-history":[{"count":1,"href":"https:\/\/diariodominicano.com\/index.php?rest_route=\/wp\/v2\/posts\/552160\/revisions"}],"predecessor-version":[{"id":552185,"href":"https:\/\/diariodominicano.com\/index.php?rest_route=\/wp\/v2\/posts\/552160\/revisions\/552185"}],"wp:featuredmedia":[{"embeddable":true,"href":"https:\/\/diariodominicano.com\/index.php?rest_route=\/wp\/v2\/media\/552177"}],"wp:attachment":[{"href":"https:\/\/diariodominicano.com\/index.php?rest_route=%2Fwp%2Fv2%2Fmedia&parent=552160"}],"wp:term":[{"taxonomy":"category","embeddable":true,"href":"https:\/\/diariodominicano.com\/index.php?rest_route=%2Fwp%2Fv2%2Fcategories&post=552160"},{"taxonomy":"post_tag","embeddable":true,"href":"https:\/\/diariodominicano.com\/index.php?rest_route=%2Fwp%2Fv2%2Ftags&post=552160"}],"curies":[{"name":"wp","href":"https:\/\/api.w.org\/{rel}","templated":true}]}}