{"id":552143,"date":"2024-08-15T15:08:59","date_gmt":"2024-08-15T19:08:59","guid":{"rendered":"https:\/\/diariodominicano.com\/?p=552143"},"modified":"2024-08-15T15:09:07","modified_gmt":"2024-08-15T19:09:07","slug":"direccion-general-de-servicios-penitenciarios-y-correccionales-investiga-fuga-de-tres-internos-del-centro-de-correccion-rehabilitacion-najayo-homb","status":"publish","type":"post","link":"https:\/\/diariodominicano.com\/?p=552143","title":{"rendered":"Direcci\u00f3n\u00a0 General de Servicios\u00a0 Penitenciarios\u00a0 y\u00a0 Correccionales\u00a0 investiga\u00a0 fuga de tres\u00a0 internos\u00a0 del Centro de Correcci\u00f3n\u00a0 Rehabilitaci\u00f3n Najayo Hombres"},"content":{"rendered":"\n<p>diariodominicano.com<\/p>\n\n\n\n<p><strong>Santo Domingo, R.D., 15 de agosto de 2024.- <\/strong>\u00a0El director general de la Direcci\u00f3n\u00a0 de Servicios\u00a0 Penitenciarios y Correccionales (DGSPC), coronel Roberto Hern\u00e1ndez,\u00a0 inform\u00f3 que se investigan\u00a0 las\u00a0 causas\u00a0 en que se produjo la fuga\u00a0 de\u00a0 tres\u00a0 internos\u00a0 del Centro de Correcci\u00f3n y Rehabilitaci\u00f3n\u00a0 Najayo Hombres, en San Crist\u00f3bal, la noche de este mi\u00e9rcoles.<\/p>\n\n\n\n<p>Los evadidos son los nombrados Yomael De \u00d3leo Rodr\u00edguez, Brayan Alexander Ram\u00edrez, Rub\u00e9n Amores Mart\u00ednez y Edison Reyes Paula (a) B\u00fafalo, este&nbsp; \u00faltimo&nbsp; fue&nbsp; reapresado al momento&nbsp; de haber ocurrido&nbsp; la&nbsp; fuga.<\/p>\n\n\n\n<p>El director general de la DGSPC inform\u00f3 que de inmediato se activ\u00f3 el protocolo de b\u00fasqueda&nbsp; de los&nbsp; evadidos para&nbsp; retornarlos&nbsp; al penal y establecer las&nbsp; medidas&nbsp; contenidas en el protocolo cuando ocurren este tipo de incidentes.<\/p>\n\n\n\n<p>Los&nbsp; fugados guardan&nbsp; prisi\u00f3n&nbsp; por violaci\u00f3n a los art\u00edculos 379 y 384, que tipifican&nbsp; como&nbsp; delito&nbsp; el&nbsp; fraude&nbsp; y robo&nbsp; motorizado, as\u00ed como&nbsp; los&nbsp; art\u00edculos 309-1, 309-2, y 309-3, de la Ley 24-97, sobre&nbsp; Violencia de G\u00e9nero e Intrafamiliar.<\/p>\n\n\n\n<p>A trav\u00e9s de un comunicado emitido por la DGSPC&nbsp; se indic\u00f3&nbsp; que, para cometer el hecho&nbsp; los&nbsp; internos rompieron parte de los barrotes que dan acceso al \u00e1rea exterior del centro. Los privados de libertad adem\u00e1s interceptaron al agente que estaba en el puesto de servicio y lo sujetaron con armas de fabricaci\u00f3n carcelaria, resultando este con heridas leves, provocadas por los pr\u00f3fugos.<\/p>\n\n\n\n<p>Se inform\u00f3, adem\u00e1s, que las autoridades de inteligencia e investigaci\u00f3n del Estado est\u00e1n tras la b\u00fasqueda\u00a0 de los\u00a0 evadidos y que las labores cotidianas del centro\u00a0 se contin\u00faan desarrollando con\u00a0 normalidad, mientras\u00a0 el\u00a0 equipo contin\u00faa\u00a0\u00a0 tras\u00a0\u00a0 la\u00a0 b\u00fasqueda de los\u00a0 internos.<\/p>\n\n\n\n<figure class=\"wp-block-table\"><table><tbody><tr><td><strong>Comunicaciones PGR<\/strong><\/td><\/tr><\/tbody><\/table><\/figure>\n","protected":false},"excerpt":{"rendered":"<p>diariodominicano.com Santo Domingo, R.D., 15 de agosto de 2024.- \u00a0El director general de la Direcci\u00f3n\u00a0 de Servicios\u00a0 Penitenciarios y Correccionales (DGSPC), coronel Roberto Hern\u00e1ndez,\u00a0 inform\u00f3 que se investigan\u00a0 las\u00a0 causas\u00a0 en que se produjo la fuga\u00a0 de\u00a0 tres\u00a0 internos\u00a0 del Centro de Correcci\u00f3n y Rehabilitaci\u00f3n\u00a0 Najayo Hombres, en San Crist\u00f3bal, la noche de este mi\u00e9rcoles. [&hellip;]<\/p>\n","protected":false},"author":5,"featured_media":348363,"comment_status":"closed","ping_status":"closed","sticky":true,"template":"","format":"standard","meta":{"footnotes":""},"categories":[24,27],"tags":[],"class_list":["post-552143","post","type-post","status-publish","format-standard","has-post-thumbnail","hentry","category-justicia-y-derecho","category-portada"],"_links":{"self":[{"href":"https:\/\/diariodominicano.com\/index.php?rest_route=\/wp\/v2\/posts\/552143","targetHints":{"allow":["GET"]}}],"collection":[{"href":"https:\/\/diariodominicano.com\/index.php?rest_route=\/wp\/v2\/posts"}],"about":[{"href":"https:\/\/diariodominicano.com\/index.php?rest_route=\/wp\/v2\/types\/post"}],"author":[{"embeddable":true,"href":"https:\/\/diariodominicano.com\/index.php?rest_route=\/wp\/v2\/users\/5"}],"replies":[{"embeddable":true,"href":"https:\/\/diariodominicano.com\/index.php?rest_route=%2Fwp%2Fv2%2Fcomments&post=552143"}],"version-history":[{"count":1,"href":"https:\/\/diariodominicano.com\/index.php?rest_route=\/wp\/v2\/posts\/552143\/revisions"}],"predecessor-version":[{"id":552144,"href":"https:\/\/diariodominicano.com\/index.php?rest_route=\/wp\/v2\/posts\/552143\/revisions\/552144"}],"wp:featuredmedia":[{"embeddable":true,"href":"https:\/\/diariodominicano.com\/index.php?rest_route=\/wp\/v2\/media\/348363"}],"wp:attachment":[{"href":"https:\/\/diariodominicano.com\/index.php?rest_route=%2Fwp%2Fv2%2Fmedia&parent=552143"}],"wp:term":[{"taxonomy":"category","embeddable":true,"href":"https:\/\/diariodominicano.com\/index.php?rest_route=%2Fwp%2Fv2%2Fcategories&post=552143"},{"taxonomy":"post_tag","embeddable":true,"href":"https:\/\/diariodominicano.com\/index.php?rest_route=%2Fwp%2Fv2%2Ftags&post=552143"}],"curies":[{"name":"wp","href":"https:\/\/api.w.org\/{rel}","templated":true}]}}