{"id":552138,"date":"2024-08-15T14:53:03","date_gmt":"2024-08-15T18:53:03","guid":{"rendered":"https:\/\/diariodominicano.com\/?p=552138"},"modified":"2024-08-15T14:53:09","modified_gmt":"2024-08-15T18:53:09","slug":"aplazan-conocimiento-de-solicitud-de-medida-de-coercion-contra-cabo-por-asesinato-de-medico-en-santiago","status":"publish","type":"post","link":"https:\/\/diariodominicano.com\/?p=552138","title":{"rendered":"Aplazan conocimiento de solicitud de medida de coerci\u00f3n contra cabo por asesinato de m\u00e9dico en Santiago"},"content":{"rendered":"\n<p>diariodominicano.com<\/p>\n\n\n\n<p><strong>Santiago, R. D.,<\/strong>\u2002<strong>15 de agosto, 2024.-<\/strong>\u00a0La Oficina Judicial de Servicios de Atenci\u00f3n Permanente del distrito judicial Santiago aplaz\u00f3 para el pr\u00f3ximo mi\u00e9rcoles 21 de agosto, la audiencia para el conocimiento de la solicitud de medida de coerci\u00f3n depositada por la Fiscal\u00eda de Santiago en contra del cabo de la Armada Dominicana, V\u00edctor Manuel Salda\u00f1a Hern\u00e1ndez, a quien le imputa el asesinato del m\u00e9dico perinat\u00f3logo Enrique Antonio Espinal Castillo.<\/p>\n\n\n\n<p>El tribunal dispuso el aplazamiento a solicitud de la defensa del imputado, que solicit\u00f3 tiempo para conocer la imputaci\u00f3n depositada por el Ministerio P\u00fablico.<\/p>\n\n\n\n<p>En la solicitud, en la que la Fiscal\u00eda ha solicitado la imposici\u00f3n de la prisi\u00f3n preventiva, el \u00f3rgano persecutor del delito imputa provisionalmente al uniformado la violaci\u00f3n a los art\u00edculos 295, 296, 297 y 302 del C\u00f3digo Penal Dominicano, por haber planificado y ejecutado el asesinato de la v\u00edctima.<\/p>\n\n\n\n<p>El cuerpo de Espinal Castillo, m\u00e9dico perinat\u00f3logo, fue encontrado el pasado lunes 5 agosto en unos terrenos bald\u00edos de La Costa de Rafelito en Sabana Grande de Palenque, provincia San Crist\u00f3bal, a donde el victimario, oriundo de esa demarcaci\u00f3n, lo traslad\u00f3 y dej\u00f3 abandonado luego de llevarlo en el ba\u00fal de la jeepeta Hyundai, modelo Tucson, color blanco, propiedad de la v\u00edctima, desde el distrito municipal Hato del Yaque donde reside y donde, seg\u00fan establece la Fiscal\u00eda de Santiago, lo mat\u00f3 al propinarle golpes contusos en el cr\u00e1neo y rostro.<\/p>\n\n\n\n<p>A partir de la denuncia que interpusieron familiares del m\u00e9dico por su desaparici\u00f3n, el Departamento de Violencias F\u00edsicas (Homicidios) de la Fiscal\u00eda de Santiago, puso en marcha la acci\u00f3n p\u00fablica e inici\u00f3 las indagaciones recolectando evidencias materiales, documentales y periciales que desvelaron el nombre de Salda\u00f1a Hern\u00e1ndez como el responsable del crimen.<\/p>\n\n\n\n<p>La Fiscal\u00eda de Santiago, en su imputaci\u00f3n, puso a disposici\u00f3n del tribunal, m\u00faltiples evidencias de irrefutable probaci\u00f3n contra el victimario, incluyendo entre estas, im\u00e1genes del recorrido que hizo el imputado desde su residente en Hato del Yaque, Santiago hasta San Crist\u00f3bal, a bordo del veh\u00edculo, para desaparecer el cuerpo de la v\u00edctima.<\/p>\n\n\n\n<p><strong>Direcci\u00f3n General de Comunicaci\u00f3n, Prensa, y RRPP<\/strong><strong><\/strong><\/p>\n\n\n\n<p>Ministerio P\u00fablico.&nbsp;R.D.<\/p>\n\n\n\n<p>Jueves, 15 de agosto de 2024<\/p>\n","protected":false},"excerpt":{"rendered":"<p>diariodominicano.com Santiago, R. D.,\u200215 de agosto, 2024.-\u00a0La Oficina Judicial de Servicios de Atenci\u00f3n Permanente del distrito judicial Santiago aplaz\u00f3 para el pr\u00f3ximo mi\u00e9rcoles 21 de agosto, la audiencia para el conocimiento de la solicitud de medida de coerci\u00f3n depositada por la Fiscal\u00eda de Santiago en contra del cabo de la Armada Dominicana, V\u00edctor Manuel Salda\u00f1a [&hellip;]<\/p>\n","protected":false},"author":5,"featured_media":469415,"comment_status":"closed","ping_status":"closed","sticky":true,"template":"","format":"standard","meta":{"footnotes":""},"categories":[24,27],"tags":[],"class_list":["post-552138","post","type-post","status-publish","format-standard","has-post-thumbnail","hentry","category-justicia-y-derecho","category-portada"],"_links":{"self":[{"href":"https:\/\/diariodominicano.com\/index.php?rest_route=\/wp\/v2\/posts\/552138","targetHints":{"allow":["GET"]}}],"collection":[{"href":"https:\/\/diariodominicano.com\/index.php?rest_route=\/wp\/v2\/posts"}],"about":[{"href":"https:\/\/diariodominicano.com\/index.php?rest_route=\/wp\/v2\/types\/post"}],"author":[{"embeddable":true,"href":"https:\/\/diariodominicano.com\/index.php?rest_route=\/wp\/v2\/users\/5"}],"replies":[{"embeddable":true,"href":"https:\/\/diariodominicano.com\/index.php?rest_route=%2Fwp%2Fv2%2Fcomments&post=552138"}],"version-history":[{"count":1,"href":"https:\/\/diariodominicano.com\/index.php?rest_route=\/wp\/v2\/posts\/552138\/revisions"}],"predecessor-version":[{"id":552139,"href":"https:\/\/diariodominicano.com\/index.php?rest_route=\/wp\/v2\/posts\/552138\/revisions\/552139"}],"wp:featuredmedia":[{"embeddable":true,"href":"https:\/\/diariodominicano.com\/index.php?rest_route=\/wp\/v2\/media\/469415"}],"wp:attachment":[{"href":"https:\/\/diariodominicano.com\/index.php?rest_route=%2Fwp%2Fv2%2Fmedia&parent=552138"}],"wp:term":[{"taxonomy":"category","embeddable":true,"href":"https:\/\/diariodominicano.com\/index.php?rest_route=%2Fwp%2Fv2%2Fcategories&post=552138"},{"taxonomy":"post_tag","embeddable":true,"href":"https:\/\/diariodominicano.com\/index.php?rest_route=%2Fwp%2Fv2%2Ftags&post=552138"}],"curies":[{"name":"wp","href":"https:\/\/api.w.org\/{rel}","templated":true}]}}