{"id":552118,"date":"2024-08-15T12:21:55","date_gmt":"2024-08-15T16:21:55","guid":{"rendered":"https:\/\/diariodominicano.com\/?p=552118"},"modified":"2024-08-15T12:22:01","modified_gmt":"2024-08-15T16:22:01","slug":"condenan-hombre-por-trafico-de-drogas-en-monte-plata","status":"publish","type":"post","link":"https:\/\/diariodominicano.com\/?p=552118","title":{"rendered":"Condenan hombre por tr\u00e1fico de drogas en Monte Plata"},"content":{"rendered":"\n<p>diariodominicano.com<\/p>\n\n\n\n<p><strong>Monte Plata,  R. D.,<\/strong>\u2002<strong>15 de agosto, 2024.-<\/strong>\u00a0Una sentencia condenatoria de cinco a\u00f1os de prisi\u00f3n fue impuesta en contra de un hombre al que el Ministerio P\u00fablico de este distrito judicial acus\u00f3 de dedicarse al tr\u00e1fico de drogas.<\/p>\n\n\n\n<p>El Tribunal Colegiado de esta jurisdicci\u00f3n dict\u00f3 la sentencia en contra de Rudy Eusebio Dom\u00ednguez, estableciendo su cumplimiento en el Centro de Correcci\u00f3n y Rehabilitaci\u00f3n (CCR) de Monte Plata.<\/p>\n\n\n\n<p>La sentencia, adem\u00e1s, dispone la incineraci\u00f3n de 43.19 gramos de coca\u00edna clorhidratada y 10.51 gramos de marihuana que les fueron incautados al momento en que fue apresado, as\u00ed como el decomiso de trescientos pesos a favor del Estado dominicano, que tambi\u00e9n les fueron ocupados durante la operaci\u00f3n.<\/p>\n\n\n\n<p>&nbsp;Dom\u00ednguez, seg\u00fan establece el expediente acusatorio, fue arrestado en flagrante delito, durante un operativo de la Direcci\u00f3n Nacional de Control de Drogas (DNCD), el 6 de enero del presente a\u00f1o, alrededor de las 5:30 de la tarde, en el sector Pueblo Nuevo, del municipio Sabana Grande Boy\u00e1.<\/p>\n\n\n\n<p>Luego de acoger la acusaci\u00f3n presentada por el fiscal de esta demarcaci\u00f3n Jos\u00e9 del Carmen Garc\u00eda Hern\u00e1ndez,&nbsp;los jueces Isa\u00edas Ronaldo Mart\u00ednez P\u00e9rez, Johanna Giselle Reyes Moquete y Carmen Daniela Araujo Rivas, declararon al procesado culpable de violar los art\u00edculos 5, literal A; 6, literal A, 28 y 75, p\u00e1rrafo II, de la Ley 50-88 sobre Drogas y Sustancias Controladas.<strong><\/strong><\/p>\n\n\n\n<p><strong>Direcci\u00f3n General de Comunicaci\u00f3n, Prensa, y RRPP<\/strong><strong><\/strong><\/p>\n\n\n\n<p>Ministerio P\u00fablico.&nbsp;R.D.<\/p>\n\n\n\n<p>Jueves, 15 de agosto de 2024<\/p>\n","protected":false},"excerpt":{"rendered":"<p>diariodominicano.com Monte Plata, R. D.,\u200215 de agosto, 2024.-\u00a0Una sentencia condenatoria de cinco a\u00f1os de prisi\u00f3n fue impuesta en contra de un hombre al que el Ministerio P\u00fablico de este distrito judicial acus\u00f3 de dedicarse al tr\u00e1fico de drogas. El Tribunal Colegiado de esta jurisdicci\u00f3n dict\u00f3 la sentencia en contra de Rudy Eusebio Dom\u00ednguez, estableciendo su [&hellip;]<\/p>\n","protected":false},"author":5,"featured_media":530893,"comment_status":"closed","ping_status":"closed","sticky":true,"template":"","format":"standard","meta":{"footnotes":""},"categories":[24,27],"tags":[],"class_list":["post-552118","post","type-post","status-publish","format-standard","has-post-thumbnail","hentry","category-justicia-y-derecho","category-portada"],"_links":{"self":[{"href":"https:\/\/diariodominicano.com\/index.php?rest_route=\/wp\/v2\/posts\/552118","targetHints":{"allow":["GET"]}}],"collection":[{"href":"https:\/\/diariodominicano.com\/index.php?rest_route=\/wp\/v2\/posts"}],"about":[{"href":"https:\/\/diariodominicano.com\/index.php?rest_route=\/wp\/v2\/types\/post"}],"author":[{"embeddable":true,"href":"https:\/\/diariodominicano.com\/index.php?rest_route=\/wp\/v2\/users\/5"}],"replies":[{"embeddable":true,"href":"https:\/\/diariodominicano.com\/index.php?rest_route=%2Fwp%2Fv2%2Fcomments&post=552118"}],"version-history":[{"count":1,"href":"https:\/\/diariodominicano.com\/index.php?rest_route=\/wp\/v2\/posts\/552118\/revisions"}],"predecessor-version":[{"id":552119,"href":"https:\/\/diariodominicano.com\/index.php?rest_route=\/wp\/v2\/posts\/552118\/revisions\/552119"}],"wp:featuredmedia":[{"embeddable":true,"href":"https:\/\/diariodominicano.com\/index.php?rest_route=\/wp\/v2\/media\/530893"}],"wp:attachment":[{"href":"https:\/\/diariodominicano.com\/index.php?rest_route=%2Fwp%2Fv2%2Fmedia&parent=552118"}],"wp:term":[{"taxonomy":"category","embeddable":true,"href":"https:\/\/diariodominicano.com\/index.php?rest_route=%2Fwp%2Fv2%2Fcategories&post=552118"},{"taxonomy":"post_tag","embeddable":true,"href":"https:\/\/diariodominicano.com\/index.php?rest_route=%2Fwp%2Fv2%2Ftags&post=552118"}],"curies":[{"name":"wp","href":"https:\/\/api.w.org\/{rel}","templated":true}]}}