{"id":552078,"date":"2024-08-15T10:20:54","date_gmt":"2024-08-15T14:20:54","guid":{"rendered":"https:\/\/diariodominicano.com\/?p=552078"},"modified":"2024-08-15T10:21:00","modified_gmt":"2024-08-15T14:21:00","slug":"que-es-el-mpox-y-por-que-hay-tanta-preocupacion","status":"publish","type":"post","link":"https:\/\/diariodominicano.com\/?p=552078","title":{"rendered":"\u00bfQu\u00e9 es el mpox y por qu\u00e9 hay tanta preocupaci\u00f3n?"},"content":{"rendered":"\n<p>El mpox presenta s\u00edntomas similares a la viruela, con inflamaci\u00f3n de ganglios y erupciones cut\u00e1neas, aunque no existe un tratamiento espec\u00edfico a\u00fan.<\/p>\n\n\n\n<p>agosto 15, 2024<\/p>\n\n\n\n<ul class=\"wp-block-list\">\n<li><a href=\"https:\/\/www.vozdeamerica.com\/author\/antoni-belchi\/mymyv\">Antoni Belchi<\/a><\/li>\n\n\n\n<li><\/li>\n<\/ul>\n\n\n\n<p><a href=\"https:\/\/www.vozdeamerica.com\/a\/mpox-por-que-preocupacion\/7743459.html#comments\">&nbsp;Vea comentarios<\/a><\/p>\n\n\n\n<p>La OMS reporta un aumento del 160 % en contagios de mpox o viruela del mono y alerta sobre la necesidad de una respuesta internacional coordinada. Los casos se concentran principalmente en la Rep\u00fablica Democr\u00e1tica del Congo.<\/p>\n\n\n\n<p>MIAMI, EEUU \u2014&nbsp;<\/p>\n\n\n\n<p>Un brote del mpox<em>&nbsp;<\/em>-conocida anteriormente como viruela del mono- afecta a varios pa\u00edses africanos, que en los \u00faltimos meses han registrado un aumento considerable de contagios. La Organizaci\u00f3n Mundial de la Salud (OMS) decret\u00f3 este mi\u00e9rcoles la emergencia de salud p\u00fablica de importancia internacional tras haber registrado m\u00e1s de 15.000 contagios y 461 muertes en lo que va de 2024.<\/p>\n\n\n\n<p>Esa cifra es preocupante, seg\u00fan indican fuentes del organismo sanitario internacional, porque supone un aumento del 160 % y del 19 % respectivamente en comparaci\u00f3n con el mismo periodo del a\u00f1o pasado.<\/p>\n\n\n\n<p><video poster=\"https:\/\/gdb.voanews.com\/01000000-0aff-0242-05ed-08dcbccd2115_tv_w650_r1.jpg\" src=\"blob:https:\/\/www.vozdeamerica.com\/bb8671e2-424b-4fd0-af37-53dcb490bd49\"><\/video><\/p>\n\n\n\n<h5 class=\"wp-block-heading\"><a href=\"https:\/\/www.vozdeamerica.com\/a\/mpox-por-que-preocupacion\/7743466.html\" target=\"_blank\" rel=\"noreferrer noopener\">La OMS declara emergencia internacional por brote de mpox en \u00c1frica<\/a><\/h5>\n\n\n\n<p>\u00a0<\/p>\n\n\n\n<ul class=\"wp-block-list\">\n<li><a href=\"https:\/\/facebook.com\/sharer.php?u=https%3a%2f%2fwww.vozdeamerica.com%2fa%2f7743466.html\" target=\"_blank\" rel=\"noreferrer noopener\">Comparta en Facebook<\/a><\/li>\n\n\n\n<li><a href=\"https:\/\/twitter.com\/share?url=https%3a%2f%2fwww.vozdeamerica.com%2fa%2f7743466.html&amp;text=La+OMS+declara+emergencia+internacional+por+brote+de+mpox+en+%c3%81frica\" target=\"_blank\" rel=\"noreferrer noopener\">Comparta en Twitter<\/a><\/li>\n<\/ul>\n\n\n\n<hr class=\"wp-block-separator has-alpha-channel-opacity\"\/>\n\n\n\n<p><a href=\"https:\/\/www.vozdeamerica.com\/embed\/player\/Article\/7743466.html?type=video&amp;FullScreenMode=True\" target=\"_blank\" rel=\"noreferrer noopener\"><\/a><\/p>\n\n\n\n<p>&nbsp;Descargar&nbsp;<\/p>\n\n\n\n<p>\u00abEst\u00e1 claro que una respuesta internacional coordinada es esencial para detener estos brotes y salvar vidas\u201d, manifest\u00f3 Tedros Adhanom Ghebreyesus, director de la OMS, durante una comparecencia p\u00fablica tras designar un Comit\u00e9 de Emergencia para abordar esta cuesti\u00f3n.<\/p>\n\n\n\n<p>Sobre la importancia de esta crisis sanitaria subray\u00f3 que \u201cuna emergencia de salud p\u00fablica de inter\u00e9s internacional es el nivel m\u00e1s alto de alarma seg\u00fan el derecho internacional de la salud\u00bb e insist\u00eda en la necesidad de crear sinergias globales para hacer frente a esta situaci\u00f3n.<\/p>\n\n\n\n<p>La mayor parte de los casos registrados se concentran en la Rep\u00fablica Democr\u00e1tica del Congo. Sin embargo, en otros pa\u00edses de la regi\u00f3n como Uganda, Burundi, Kenia o Ruanda, tambi\u00e9n se han reportado contagios.<\/p>\n\n\n\n<p><a href=\"https:\/\/www.vozdeamerica.com\/a\/noticias-ciencia-salud-resumen-2022\/6894395.html\"><\/a><\/p>\n\n\n\n<p><a href=\"https:\/\/www.vozdeamerica.com\/a\/noticias-ciencia-salud-resumen-2022\/6894395.html\">TAMBI\u00c9N LEA<\/a><\/p>\n\n\n\n<h4 class=\"wp-block-heading\"><a href=\"https:\/\/www.vozdeamerica.com\/a\/noticias-ciencia-salud-resumen-2022\/6894395.html\">\u00d3micron, mpox, c\u00f3lera y vacuna contra el VIH: las noticias m\u00e1s \u201cvirales\u201d del 2022<\/a><\/h4>\n\n\n\n<h3 class=\"wp-block-heading\">\u00bfPor qu\u00e9 hay una emergencia global por mpox?<\/h3>\n\n\n\n<p>Esta variante de mpox, bautizada con el nombre de&nbsp;<em>clado 1b<\/em>, podr\u00eda ser m\u00e1s letal que la que se detect\u00f3 en 2022. A pesar de que la mayor\u00eda de los casos se est\u00e1n dando en la regi\u00f3n africana, la preocupaci\u00f3n es que el virus pueda propagarse a otros lugares.<\/p>\n\n\n\n<p>En Estados Unidos se ha mantenido la vigilancia desde hace dos a\u00f1os, cuando se desat\u00f3 otra alerta. Desde ese entonces, se han confirmado m\u00e1s de 32.000 casos, aunque solo 58 muertes por contagio.<\/p>\n\n\n\n<p>\u201cActualmente los n\u00fameros no son preocupantes para lo que es una poblaci\u00f3n o como para decir que es una pandemia\u201d, dijo la Dra. Eneida Rold\u00e1n, directora ejecutiva de la red de atenci\u00f3n m\u00e9dica de la Universidad Internacional de Florida (FIU), en declaraciones a la&nbsp;<strong><em>Voz de Am\u00e9rica<\/em><\/strong>.<\/p>\n\n\n\n<h3 class=\"wp-block-heading\">\u00bfC\u00f3mo se produce el contagio?<\/h3>\n\n\n\n<p>Originalmente la transmisi\u00f3n de lo que se conoce como viruela s\u00edmica o viruela del mono se produc\u00eda de animales a personas por contacto directo a trav\u00e9s de la sangre o fluidos. En contagio entre personas tambi\u00e9n es posible y se da por saliva o por contacto \u00edntimo, y eso es lo que m\u00e1s preocupa a las autoridades.<\/p>\n\n\n\n<p><a href=\"https:\/\/www.vozdeamerica.com\/a\/oms-cambia-nombre-viruela-mono\/6853095.html\"><\/a><\/p>\n\n\n\n<p><a href=\"https:\/\/www.vozdeamerica.com\/a\/oms-cambia-nombre-viruela-mono\/6853095.html\">TAMBI\u00c9N LEA<\/a><\/p>\n\n\n\n<h4 class=\"wp-block-heading\"><a href=\"https:\/\/www.vozdeamerica.com\/a\/oms-cambia-nombre-viruela-mono\/6853095.html\">OMS cambia el nombre a la viruela del mono, desde ahora ser\u00e1 mpox<\/a><\/h4>\n\n\n\n<p>\u201cAntes no se transmit\u00eda f\u00e1cilmente entre personas, y estamos viendo que ahora s\u00ed que est\u00e1 ocurriendo eso\u201d, coment\u00f3 Aileen Marty, especialista en enfermedades infecciosas tambi\u00e9n en la FIU.<\/p>\n\n\n\n<p>Rold\u00e1n, que tambi\u00e9n es miembro vitalicio de la Asociaci\u00f3n de Postgrado de la Escuela de Medicina de Harvard, advirti\u00f3 por su parte que \u201ccomo ocurre con cualquier otra enfermedad, se debe tener mucha cautela\u201d, especialmente \u201cla poblaci\u00f3n que pueda estar m\u00e1s expuesta\u201d.<\/p>\n\n\n\n<h3 class=\"wp-block-heading\">\u00bfFuncionan las vacunas?<\/h3>\n\n\n\n<p>La vacuna es, por ahora, la forma m\u00e1s eficaz de prevenir el contagio. Los m\u00e9dicos aseguran que hay suministros suficientes de la vacuna Jynneos y es la \u00fanica aprobada por la Administraci\u00f3n de Alimentos y Medicamentos de EEUU (FDA, por sus siglas en ingl\u00e9s) para atacar el virus que se hab\u00eda declarado extinto en los a\u00f1os setenta.<\/p>\n\n\n\n<p>\u201cGracias a la vacuna de la viruela, la primera vacuna que se desarroll\u00f3, pudimos eliminar la viruela. En los a\u00f1os setenta del siglo pasado desaparece la viruela como enfermedad epid\u00e9mica o como enfermedad de importancia\u201d, record\u00f3 el epidemi\u00f3logo Lepoldo C\u00f3rdova.<\/p>\n\n\n\n<p><a href=\"https:\/\/www.vozdeamerica.com\/a\/viruela-mono-avanza-centroamerica\/6793739.html\"><\/a><\/p>\n\n\n\n<p><a href=\"https:\/\/www.vozdeamerica.com\/a\/viruela-mono-avanza-centroamerica\/6793739.html\">TAMBI\u00c9N LEA<\/a><\/p>\n\n\n\n<h4 class=\"wp-block-heading\"><a href=\"https:\/\/www.vozdeamerica.com\/a\/viruela-mono-avanza-centroamerica\/6793739.html\">La viruela del mono avanza por Centroam\u00e9rica<\/a><\/h4>\n\n\n\n<p>Rold\u00e1n tambi\u00e9n sostiene que se ha demostrado que las personas mayores de 60 a\u00f1os que se vacunaron contra la viruela antes de los a\u00f1os ochenta, tienen inmunidad suficiente para este virus.<\/p>\n\n\n\n<h3 class=\"wp-block-heading\">\u00bfQu\u00e9 s\u00edntomas presenta el mpox?<\/h3>\n\n\n\n<p>El virus del mpox forma parte de la familia de los orthopoxvirus y fue identificado en humanos por primera vez en 1970 en la Rep\u00fablica Democr\u00e1tica del Congo. Es end\u00e9mico en algunas zonas de \u00c1frica central y occidental.<\/p>\n\n\n\n<p>Los s\u00edntomas de la viruela del mono son parecidos a los de la viruela, pero suelen ser menos severos. Estos incluyen fiebre, cefalea, dolores musculares, escalofr\u00edos y fatiga.<\/p>\n\n\n\n<p>La diferencia principal entre los s\u00edntomas de la viruela humana y el mpox es que esta \u00faltima causa una inflamaci\u00f3n de los ganglios linf\u00e1ticos (linfadenopat\u00eda), lo cual no ocurre con la viruela humana.<\/p>\n\n\n\n<p><a href=\"https:\/\/www.vozdeamerica.com\/a\/ops-americas-epicentro-brote-viruela-simica\/6735369.html\"><\/a><\/p>\n\n\n\n<p><a href=\"https:\/\/www.vozdeamerica.com\/a\/ops-americas-epicentro-brote-viruela-simica\/6735369.html\">TAMBI\u00c9N LEA<\/a><\/p>\n\n\n\n<h4 class=\"wp-block-heading\"><a href=\"https:\/\/www.vozdeamerica.com\/a\/ops-americas-epicentro-brote-viruela-simica\/6735369.html\">OPS: Am\u00e9ricas epicentro de brote de viruela s\u00edmica<\/a><\/h4>\n\n\n\n<p>Es habitual que se desarrolle una erupci\u00f3n que generalmente comienza en el rostro y se extiende a otras \u00e1reas del cuerpo, especialmente en las manos y los pies. La erupci\u00f3n cambia con el tiempo, pasando por varias etapas hasta que finalmente forma una costra que se desprende.<\/p>\n\n\n\n<h3 class=\"wp-block-heading\">\u00bfHay tratamiento para el mpox?<\/h3>\n\n\n\n<p>Los m\u00e9dicos subrayan que a\u00fan no existe un tratamiento espec\u00edfico para la infecci\u00f3n por el virus de la viruela del mono. Hay algunos antivirales que podr\u00edan ser efectivos pero a\u00fan se est\u00e1 investigando la evidencia cient\u00edfica para poder dar una respuesta al respecto.<\/p>\n","protected":false},"excerpt":{"rendered":"<p>El mpox presenta s\u00edntomas similares a la viruela, con inflamaci\u00f3n de ganglios y erupciones cut\u00e1neas, aunque no existe un tratamiento espec\u00edfico a\u00fan. agosto 15, 2024 &nbsp;Vea comentarios La OMS reporta un aumento del 160 % en contagios de mpox o viruela del mono y alerta sobre la necesidad de una respuesta internacional coordinada. Los casos [&hellip;]<\/p>\n","protected":false},"author":28,"featured_media":552079,"comment_status":"closed","ping_status":"closed","sticky":true,"template":"","format":"standard","meta":{"footnotes":""},"categories":[36,25,23,19],"tags":[],"class_list":["post-552078","post","type-post","status-publish","format-standard","has-post-thumbnail","hentry","category-hombresmujeresycosas","category-gente","category-internacional","category-mi-voz"],"_links":{"self":[{"href":"https:\/\/diariodominicano.com\/index.php?rest_route=\/wp\/v2\/posts\/552078","targetHints":{"allow":["GET"]}}],"collection":[{"href":"https:\/\/diariodominicano.com\/index.php?rest_route=\/wp\/v2\/posts"}],"about":[{"href":"https:\/\/diariodominicano.com\/index.php?rest_route=\/wp\/v2\/types\/post"}],"author":[{"embeddable":true,"href":"https:\/\/diariodominicano.com\/index.php?rest_route=\/wp\/v2\/users\/28"}],"replies":[{"embeddable":true,"href":"https:\/\/diariodominicano.com\/index.php?rest_route=%2Fwp%2Fv2%2Fcomments&post=552078"}],"version-history":[{"count":1,"href":"https:\/\/diariodominicano.com\/index.php?rest_route=\/wp\/v2\/posts\/552078\/revisions"}],"predecessor-version":[{"id":552080,"href":"https:\/\/diariodominicano.com\/index.php?rest_route=\/wp\/v2\/posts\/552078\/revisions\/552080"}],"wp:featuredmedia":[{"embeddable":true,"href":"https:\/\/diariodominicano.com\/index.php?rest_route=\/wp\/v2\/media\/552079"}],"wp:attachment":[{"href":"https:\/\/diariodominicano.com\/index.php?rest_route=%2Fwp%2Fv2%2Fmedia&parent=552078"}],"wp:term":[{"taxonomy":"category","embeddable":true,"href":"https:\/\/diariodominicano.com\/index.php?rest_route=%2Fwp%2Fv2%2Fcategories&post=552078"},{"taxonomy":"post_tag","embeddable":true,"href":"https:\/\/diariodominicano.com\/index.php?rest_route=%2Fwp%2Fv2%2Ftags&post=552078"}],"curies":[{"name":"wp","href":"https:\/\/api.w.org\/{rel}","templated":true}]}}