{"id":551990,"date":"2024-08-14T21:03:06","date_gmt":"2024-08-15T01:03:06","guid":{"rendered":"https:\/\/diariodominicano.com\/?p=551990"},"modified":"2024-08-14T21:14:05","modified_gmt":"2024-08-15T01:14:05","slug":"fundacion-sinfonia-y-el-voluntariado-cecanot-anuncian-romance-espanol","status":"publish","type":"post","link":"https:\/\/diariodominicano.com\/?p=551990","title":{"rendered":"Fundaci\u00f3n Sinfon\u00eda y el Voluntariado CECANOT anuncian \u201cRomance espa\u00f1ol\u201d"},"content":{"rendered":"\n<p><em>Un recital por una noble causa con la participaci\u00f3n de los artistas Serena S\u00e1enz &amp; Pablo Sainz-Villegas\u201d<\/em><\/p>\n\n\n\n<p>Serena S\u00e1enz<\/p>\n\n\n\n<p><strong>SANTO DOMINGO. &#8211;\u00a0<\/strong>La Fundaci\u00f3n Sinfon\u00eda y el Voluntariado del Centro Cardio Neuro Oftalmol\u00f3gico y Trasplante (CECANOT) anuncian el espect\u00e1culo pro-recaudaci\u00f3n de fondos \u201cRomance espa\u00f1ol: Serena S\u00e1enz &amp; Pablo Sainz-Villegas en concierto<a>\u201d\u00a0<\/a>que tendr\u00e1 como escenario la Sala Carlos Piantini del Teatro Nacional el martes 10 de septiembre 2024 a las 8:30 p.m.<\/p>\n\n\n\n<p>Margarita Miranda de Mitrov, presidenta de la Fundaci\u00f3n Sinfon\u00eda, inform\u00f3 que dos buenas causas motivan la celebraci\u00f3n de este recital. \u201cEn el caso del Voluntariado de CECANOT, la obtenci\u00f3n de los recursos econ\u00f3micos e insumos que le permitan continuar ofreciendo servicios de calidad a pacientes de escasos recursos y, en el caso de Sinfon\u00eda, la continuaci\u00f3n de los programas educativos que promueve talleres, becas y clases magistrales a favor de j\u00f3venes talentos dominicanos\u201d.<\/p>\n\n\n\n<p>Se\u00f1al\u00f3 que este concierto tendr\u00e1 la participaci\u00f3n estelar de la soprano espa\u00f1ola Serena S\u00e1enz, quien ha sido elogiada por la prensa por su musicalidad, buen gusto en la ornamentaci\u00f3n y agudos luminosos con un buen arsenal de recursos belcantistas, y el guitarrista m\u00e1s virtuoso de su generaci\u00f3n, Pablo Sainz-Villegas, un embajador de la cultura espa\u00f1ola en el mundo, siendo el primer guitarrista solista en tocar en el Carnegie Hall de Nueva York desde que lo hiciera el Maestro Andr\u00e9s Segovia en 1983.<\/p>\n\n\n\n<p>De igual manera, la se\u00f1ora Miranda de Mitrov destac\u00f3 que este encuentro con la buena m\u00fasica tendr\u00e1 un programa de lujo que incluir\u00e1 una selecci\u00f3n de canciones populares espa\u00f1olas, as\u00ed como un exquisito repertorio de las principales piezas musicales de Vicente Mart\u00edn y Soler, Isaac Alb\u00e9niz, Federico Garc\u00eda Lorca, Wolfgang Amadeus Mozart, Francisco T\u00e1rrega, Vincenzo Bellini y Enrique Granados, entre otros.<\/p>\n\n\n\n<p>Puntualiz\u00f3 que este concierto se realizar\u00e1 en colaboraci\u00f3n con la Embajada de Espa\u00f1a en RD, Centro Cultural de Espa\u00f1a en Santo Domingo, Agencia Espa\u00f1ola de Cooperaci\u00f3n Internacional para el Desarrollo (AECID) y el Teatro Nacional Eduardo Brito.<\/p>\n\n\n\n<p>Es la segunda vez que Fundaci\u00f3n Sinfon\u00eda y Voluntariado CECANOT se unen en favor de una noble causa, la primera vez fue en 2023 con el concierto \u00abCrown, Joyas de la \u00f3pera\u00bb.<\/p>\n\n\n\n<p>Las boletas para este evento ben\u00e9fico est\u00e1n a la venta en la Fundaci\u00f3n Sinfon\u00eda, tel\u00e9fono 809 532- 660,&nbsp;<a href=\"mailto:boleteria@sinfonia.org.do\" target=\"_blank\" rel=\"noreferrer noopener\">boleteria@sinfonia.org.do<\/a>. Y en la boleter\u00eda del Teatro Nacional.<\/p>\n\n\n\n<p><strong>Sobre la Fundaci\u00f3n Sinfon\u00eda<\/strong><\/p>\n\n\n\n<p>Es una organizaci\u00f3n sin fines de lucro establecida en 1986 por Pedro Rodr\u00edguez Villaca\u00f1as y Margarita Copello de Rodr\u00edguez, con el prop\u00f3sito de rescatar la Orquesta Sinf\u00f3nica Nacional de la Rep\u00fablica Dominicana. Desde entonces, trabaja a favor de la m\u00fasica cl\u00e1sica en la Rep\u00fablica Dominicana, con la producci\u00f3n de emblem\u00e1ticos conciertos cl\u00e1sicos, organizando programas de educaci\u00f3n musical y otorgando becas a j\u00f3venes instrumentistas.<\/p>\n\n\n\n<p><strong>Sobre el Voluntariado CECANOT<\/strong><\/p>\n\n\n\n<p>\u00a0Es una entidad sin fines de lucro, que tiene como objetivo ayudar al Centro Cardio-Neuro-Oftalmol\u00f3gico y Trasplante en la optimizaci\u00f3n y ampliaci\u00f3n de los servicios de salud que este ofrece a pacientes de bajos recursos econ\u00f3micos. El Voluntariado ha contribuido con el CECANOT en el suministro de insumos, equipos, atenci\u00f3n a los pacientes y proyectos que mejoran los servicios m\u00e9dicos que brinda este centro hospitalario.<\/p>\n\n\n\n<p>Henry Coradin<\/p>\n\n\n\n<p>Henry Coradin ()<\/p>\n\n\n\n<p><a target=\"_blank\" href=\"mailto:henrycoradin@gmail.com\" rel=\"noreferrer noopener\">henrycoradin@gmail.com<\/a><\/p>\n","protected":false},"excerpt":{"rendered":"<p>Un recital por una noble causa con la participaci\u00f3n de los artistas Serena S\u00e1enz &amp; Pablo Sainz-Villegas\u201d Serena S\u00e1enz SANTO DOMINGO. &#8211;\u00a0La Fundaci\u00f3n Sinfon\u00eda y el Voluntariado del Centro Cardio Neuro Oftalmol\u00f3gico y Trasplante (CECANOT) anuncian el espect\u00e1culo pro-recaudaci\u00f3n de fondos \u201cRomance espa\u00f1ol: Serena S\u00e1enz &amp; Pablo Sainz-Villegas en concierto\u201d\u00a0que tendr\u00e1 como escenario la Sala [&hellip;]<\/p>\n","protected":false},"author":28,"featured_media":551991,"comment_status":"closed","ping_status":"closed","sticky":true,"template":"","format":"standard","meta":{"footnotes":""},"categories":[21,36,25,27],"tags":[],"class_list":["post-551990","post","type-post","status-publish","format-standard","has-post-thumbnail","hentry","category-cultura","category-hombresmujeresycosas","category-gente","category-portada"],"_links":{"self":[{"href":"https:\/\/diariodominicano.com\/index.php?rest_route=\/wp\/v2\/posts\/551990","targetHints":{"allow":["GET"]}}],"collection":[{"href":"https:\/\/diariodominicano.com\/index.php?rest_route=\/wp\/v2\/posts"}],"about":[{"href":"https:\/\/diariodominicano.com\/index.php?rest_route=\/wp\/v2\/types\/post"}],"author":[{"embeddable":true,"href":"https:\/\/diariodominicano.com\/index.php?rest_route=\/wp\/v2\/users\/28"}],"replies":[{"embeddable":true,"href":"https:\/\/diariodominicano.com\/index.php?rest_route=%2Fwp%2Fv2%2Fcomments&post=551990"}],"version-history":[{"count":3,"href":"https:\/\/diariodominicano.com\/index.php?rest_route=\/wp\/v2\/posts\/551990\/revisions"}],"predecessor-version":[{"id":551996,"href":"https:\/\/diariodominicano.com\/index.php?rest_route=\/wp\/v2\/posts\/551990\/revisions\/551996"}],"wp:featuredmedia":[{"embeddable":true,"href":"https:\/\/diariodominicano.com\/index.php?rest_route=\/wp\/v2\/media\/551991"}],"wp:attachment":[{"href":"https:\/\/diariodominicano.com\/index.php?rest_route=%2Fwp%2Fv2%2Fmedia&parent=551990"}],"wp:term":[{"taxonomy":"category","embeddable":true,"href":"https:\/\/diariodominicano.com\/index.php?rest_route=%2Fwp%2Fv2%2Fcategories&post=551990"},{"taxonomy":"post_tag","embeddable":true,"href":"https:\/\/diariodominicano.com\/index.php?rest_route=%2Fwp%2Fv2%2Ftags&post=551990"}],"curies":[{"name":"wp","href":"https:\/\/api.w.org\/{rel}","templated":true}]}}