{"id":551946,"date":"2024-08-14T19:32:43","date_gmt":"2024-08-14T23:32:43","guid":{"rendered":"https:\/\/diariodominicano.com\/?p=551946"},"modified":"2024-08-14T19:32:52","modified_gmt":"2024-08-14T23:32:52","slug":"aplazan-para-el-26-de-septiembre-audiencia-preliminar-en-caso-wander-franco-y-madre-de-adolescente-victima-de-explotacion-sexual-y-comercial-pgr","status":"publish","type":"post","link":"https:\/\/diariodominicano.com\/?p=551946","title":{"rendered":"Aplazan para el 26 de septiembre audiencia preliminar en caso Wander Franco y madre de adolescente v\u00edctima de explotaci\u00f3n sexual y comercial: PGR"},"content":{"rendered":"\n<p><em><u>El juez Francisco Pascual Abreu aplaz\u00f3 la audiencia a los fines de que la defensa conozca una prueba audiovisual aportada por el Ministerio P\u00fablico en la acusaci\u00f3n<\/u><\/em><\/p>\n\n\n\n<p><strong>SANTO DOMINGO, Rep\u00fablica Dominicana.-<\/strong>\u00a0El Juzgado de la instrucci\u00f3n del distrito judicial de Puerto Plata aplaz\u00f3 para el jueves 26 de septiembre la audiencia preliminar en la acusaci\u00f3n que el Ministerio P\u00fablico ha presentado en contra del pelotero profesional Wander Franco por explotaci\u00f3n sexual y comercial de una adolescente, y de la madre de la misma por lavado de activos.<\/p>\n\n\n\n<p>La decisi\u00f3n del juez Francisco Pascual Abreu se produjo, luego de que la defensa de Franco alegara no haber sido notificada sobre una prueba audiovisual aportada por el Ministerio P\u00fablico en su acusaci\u00f3n.<\/p>\n\n\n\n<p>Tras el aplazamiento, la audiencia fue fijada para las 9:00 de la ma\u00f1ana del 26 de septiembre, donde nuevamente el Ministerio P\u00fablico y las partes imputadas en el proceso deber\u00e1n presentarse ante el tribunal.<\/p>\n\n\n\n<p>El expediente acusatorio se\u00f1ala que la conducta de Franco Aybar, viola las disposiciones del Principio V, de los art\u00edculos 25, 396 literales B y C, 409 y 410, el de la ley 136-03, que es el C\u00f3digo para el Sistema de Protecci\u00f3n de los Derechos Fundamentales de Ni\u00f1os, Ni\u00f1as y Adolescentes, los art\u00edculos 265, 266 y 331 del C\u00f3digo Penal Dominicano, as\u00ed como, los art\u00edculos 3 de la Ley 137-03 Sobre Tr\u00e1fico Il\u00edcito de Migrantes y Trata De Personas.<\/p>\n\n\n\n<p>En cuanto a la madre, de quien se omite el nombre por razones legales, el Ministerio P\u00fablico establece, que esta incurri\u00f3 en la violaci\u00f3n a las disposiciones del Principio V, los art\u00edculos 25, 396 literal B, 409 y 410, de la ley 136-03, que es el C\u00f3digo para el Sistema de Protecci\u00f3n de los Derechos Fundamentales de Ni\u00f1os, Ni\u00f1as y Adolescentes, los art\u00edculos 2 numeral 1, 11 y 15, art\u00edculo 3 numerales 1, 2 y 3, art\u00edculo 9 numerales 2 y 7 de la ley 155-17, sobre Lavado de Activos y Financiamiento del Terrorismo, los art\u00edculos, 265, 266 del C\u00f3digo Penal Dominicano, as\u00ed como, los art\u00edculos 3 y 7 de la Ley 137-03 Sobre Tr\u00e1fico Il\u00edcito de Migrantes y Trata de Personas.<\/p>\n\n\n\n<p>La investigaci\u00f3n, finalizada, la encabez\u00f3 la Fiscal\u00eda de Puerto Plata, representada por su titular Kelmi Duncan; con el apoyo de directora nacional de Ni\u00f1os, Ni\u00f1as, Adolescentes y Familia del Ministerio P\u00fablico, Olga Din\u00e1 Llaver\u00edas; Ramona Nova Cabrera, titular de la Procuradur\u00eda Especializada Antilavado de Activos y Financiamiento del Terrorismo, as\u00ed como tambi\u00e9n los miembros del \u00f3rgano persecutor Michael N\u00fa\u00f1ez, Claudio Alberto Cordero Jim\u00e9nez, Dilsia Taveras y Luis Mart\u00ednez.<\/p>\n\n\n\n<p><strong>Direcci\u00f3n General de Comunicaci\u00f3n, Prensa, y RRPP<\/strong><strong><\/strong><\/p>\n\n\n\n<p>Ministerio P\u00fablico.&nbsp;R.D.<\/p>\n\n\n\n<p>Mi\u00e9rcoles, 14 de agosto de 2024<\/p>\n","protected":false},"excerpt":{"rendered":"<p>El juez Francisco Pascual Abreu aplaz\u00f3 la audiencia a los fines de que la defensa conozca una prueba audiovisual aportada por el Ministerio P\u00fablico en la acusaci\u00f3n SANTO DOMINGO, Rep\u00fablica Dominicana.-\u00a0El Juzgado de la instrucci\u00f3n del distrito judicial de Puerto Plata aplaz\u00f3 para el jueves 26 de septiembre la audiencia preliminar en la acusaci\u00f3n que [&hellip;]<\/p>\n","protected":false},"author":28,"featured_media":371040,"comment_status":"closed","ping_status":"closed","sticky":true,"template":"","format":"standard","meta":{"footnotes":""},"categories":[17,24,29,27],"tags":[],"class_list":["post-551946","post","type-post","status-publish","format-standard","has-post-thumbnail","hentry","category-deportes","category-justicia-y-derecho","category-policiasucesos","category-portada"],"_links":{"self":[{"href":"https:\/\/diariodominicano.com\/index.php?rest_route=\/wp\/v2\/posts\/551946","targetHints":{"allow":["GET"]}}],"collection":[{"href":"https:\/\/diariodominicano.com\/index.php?rest_route=\/wp\/v2\/posts"}],"about":[{"href":"https:\/\/diariodominicano.com\/index.php?rest_route=\/wp\/v2\/types\/post"}],"author":[{"embeddable":true,"href":"https:\/\/diariodominicano.com\/index.php?rest_route=\/wp\/v2\/users\/28"}],"replies":[{"embeddable":true,"href":"https:\/\/diariodominicano.com\/index.php?rest_route=%2Fwp%2Fv2%2Fcomments&post=551946"}],"version-history":[{"count":1,"href":"https:\/\/diariodominicano.com\/index.php?rest_route=\/wp\/v2\/posts\/551946\/revisions"}],"predecessor-version":[{"id":551947,"href":"https:\/\/diariodominicano.com\/index.php?rest_route=\/wp\/v2\/posts\/551946\/revisions\/551947"}],"wp:featuredmedia":[{"embeddable":true,"href":"https:\/\/diariodominicano.com\/index.php?rest_route=\/wp\/v2\/media\/371040"}],"wp:attachment":[{"href":"https:\/\/diariodominicano.com\/index.php?rest_route=%2Fwp%2Fv2%2Fmedia&parent=551946"}],"wp:term":[{"taxonomy":"category","embeddable":true,"href":"https:\/\/diariodominicano.com\/index.php?rest_route=%2Fwp%2Fv2%2Fcategories&post=551946"},{"taxonomy":"post_tag","embeddable":true,"href":"https:\/\/diariodominicano.com\/index.php?rest_route=%2Fwp%2Fv2%2Ftags&post=551946"}],"curies":[{"name":"wp","href":"https:\/\/api.w.org\/{rel}","templated":true}]}}