{"id":551938,"date":"2024-08-14T19:16:05","date_gmt":"2024-08-14T23:16:05","guid":{"rendered":"https:\/\/diariodominicano.com\/?p=551938"},"modified":"2024-08-14T19:16:09","modified_gmt":"2024-08-14T23:16:09","slug":"dia-nacional-de-la-republica-de-corea","status":"publish","type":"post","link":"https:\/\/diariodominicano.com\/?p=551938","title":{"rendered":"D\u00eda Nacional de la Rep\u00fablica de Corea"},"content":{"rendered":"\n<p>Antony J. Blinken, secretario de Estado <\/p>\n\n\n\n<p>14 de agosto de 2024<\/p>\n\n\n\n<p>En nombre del Gobierno de los Estados Unidos de Am\u00e9rica, extiendo mis m\u00e1s sinceras felicitaciones a la Rep\u00fablica de Corea en este alegre y festivo D\u00eda Nacional.<\/p>\n\n\n\n<p>Conmemoramos la duradera amistad entre nuestros dos grandes pa\u00edses y la fundaci\u00f3n de su rep\u00fablica, que se ha convertido en un faro de democracia y ha permitido la prosperidad de millones de personas. Setenta y un a\u00f1os despu\u00e9s, Estados Unidos sigue firmemente comprometido con nuestra f\u00e9rrea alianza con la Rep\u00fablica de Corea. Juntos, seguiremos trabajando codo a codo, defendiendo nuestros valores compartidos de paz y estabilidad internacionales, derechos humanos y libertades individuales.<\/p>\n\n\n\n<p>Nuestros mejores deseos para el pueblo de la Rep\u00fablica de Corea en este D\u00eda Nacional.<\/p>\n\n\n\n<p>U.S. Department of State<\/p>\n\n\n\n<p><a target=\"_blank\" href=\"mailto:usstatebpa@public.govdelivery.com\" rel=\"noreferrer noopener\">usstatebpa@public.govdelivery.com<\/a><\/p>\n","protected":false},"excerpt":{"rendered":"<p>Antony J. Blinken, secretario de Estado 14 de agosto de 2024 En nombre del Gobierno de los Estados Unidos de Am\u00e9rica, extiendo mis m\u00e1s sinceras felicitaciones a la Rep\u00fablica de Corea en este alegre y festivo D\u00eda Nacional. Conmemoramos la duradera amistad entre nuestros dos grandes pa\u00edses y la fundaci\u00f3n de su rep\u00fablica, que se [&hellip;]<\/p>\n","protected":false},"author":28,"featured_media":540561,"comment_status":"closed","ping_status":"closed","sticky":true,"template":"","format":"standard","meta":{"footnotes":""},"categories":[26,23],"tags":[],"class_list":["post-551938","post","type-post","status-publish","format-standard","has-post-thumbnail","hentry","category-efemerides","category-internacional"],"_links":{"self":[{"href":"https:\/\/diariodominicano.com\/index.php?rest_route=\/wp\/v2\/posts\/551938","targetHints":{"allow":["GET"]}}],"collection":[{"href":"https:\/\/diariodominicano.com\/index.php?rest_route=\/wp\/v2\/posts"}],"about":[{"href":"https:\/\/diariodominicano.com\/index.php?rest_route=\/wp\/v2\/types\/post"}],"author":[{"embeddable":true,"href":"https:\/\/diariodominicano.com\/index.php?rest_route=\/wp\/v2\/users\/28"}],"replies":[{"embeddable":true,"href":"https:\/\/diariodominicano.com\/index.php?rest_route=%2Fwp%2Fv2%2Fcomments&post=551938"}],"version-history":[{"count":1,"href":"https:\/\/diariodominicano.com\/index.php?rest_route=\/wp\/v2\/posts\/551938\/revisions"}],"predecessor-version":[{"id":551939,"href":"https:\/\/diariodominicano.com\/index.php?rest_route=\/wp\/v2\/posts\/551938\/revisions\/551939"}],"wp:featuredmedia":[{"embeddable":true,"href":"https:\/\/diariodominicano.com\/index.php?rest_route=\/wp\/v2\/media\/540561"}],"wp:attachment":[{"href":"https:\/\/diariodominicano.com\/index.php?rest_route=%2Fwp%2Fv2%2Fmedia&parent=551938"}],"wp:term":[{"taxonomy":"category","embeddable":true,"href":"https:\/\/diariodominicano.com\/index.php?rest_route=%2Fwp%2Fv2%2Fcategories&post=551938"},{"taxonomy":"post_tag","embeddable":true,"href":"https:\/\/diariodominicano.com\/index.php?rest_route=%2Fwp%2Fv2%2Ftags&post=551938"}],"curies":[{"name":"wp","href":"https:\/\/api.w.org\/{rel}","templated":true}]}}