{"id":551753,"date":"2024-08-13T23:10:23","date_gmt":"2024-08-14T03:10:23","guid":{"rendered":"https:\/\/diariodominicano.com\/?p=551753"},"modified":"2024-08-13T23:13:01","modified_gmt":"2024-08-14T03:13:01","slug":"dia-de-la-independencia-de-pakistan","status":"publish","type":"post","link":"https:\/\/diariodominicano.com\/?p=551753","title":{"rendered":"D\u00eda de la Independencia de Pakist\u00e1n"},"content":{"rendered":"\n<p>Antony J. Blinken, Secretario de Estado<\/p>\n\n\n\n<p>En nombre de todos los estadounidenses, extiendo mis m\u00e1s sinceros deseos al pueblo de Pakist\u00e1n mientras celebra su D\u00eda de la Independencia el 14 de agosto.<\/p>\n\n\n\n<p><\/p>\n\n\n\n<p>Durante 77 a\u00f1os, los v\u00ednculos entre nuestros pueblos han servido como base de nuestra relaci\u00f3n. En el a\u00f1o que viene, profundizaremos la asociaci\u00f3n entre Estados Unidos y Pakist\u00e1n y ampliaremos nuestros v\u00ednculos entre los pueblos para construir un futuro m\u00e1s pr\u00f3spero para ambas naciones.<\/p>\n\n\n\n<p>Esperamos continuar una asociaci\u00f3n que haga que ambos pa\u00edses sean m\u00e1s seguros, al tiempo que fortalecemos nuestro compromiso compartido con los principios democr\u00e1ticos y el respeto por el estado de derecho.<\/p>\n\n\n\n<p><\/p>\n\n\n\n<p>Deseo a todos los que celebran hoy, en Pakist\u00e1n, en los Estados Unidos y en todo el mundo, un feliz D\u00eda de la Independencia.<\/p>\n\n\n\n<p>U.S. Department of State<\/p>\n\n\n\n<p><a target=\"_blank\" href=\"mailto:usstatebpa@public.govdelivery.com\" rel=\"noreferrer noopener\">usstatebpa@public.govdelivery.<\/a><\/p>\n\n\n\n<p>Antony J. Blinken, Secretario de Estado<\/p>\n","protected":false},"excerpt":{"rendered":"<p>Antony J. Blinken, Secretario de Estado En nombre de todos los estadounidenses, extiendo mis m\u00e1s sinceros deseos al pueblo de Pakist\u00e1n mientras celebra su D\u00eda de la Independencia el 14 de agosto. Durante 77 a\u00f1os, los v\u00ednculos entre nuestros pueblos han servido como base de nuestra relaci\u00f3n. En el a\u00f1o que viene, profundizaremos la asociaci\u00f3n [&hellip;]<\/p>\n","protected":false},"author":28,"featured_media":540561,"comment_status":"closed","ping_status":"closed","sticky":true,"template":"","format":"standard","meta":{"footnotes":""},"categories":[26,23],"tags":[],"class_list":["post-551753","post","type-post","status-publish","format-standard","has-post-thumbnail","hentry","category-efemerides","category-internacional"],"_links":{"self":[{"href":"https:\/\/diariodominicano.com\/index.php?rest_route=\/wp\/v2\/posts\/551753","targetHints":{"allow":["GET"]}}],"collection":[{"href":"https:\/\/diariodominicano.com\/index.php?rest_route=\/wp\/v2\/posts"}],"about":[{"href":"https:\/\/diariodominicano.com\/index.php?rest_route=\/wp\/v2\/types\/post"}],"author":[{"embeddable":true,"href":"https:\/\/diariodominicano.com\/index.php?rest_route=\/wp\/v2\/users\/28"}],"replies":[{"embeddable":true,"href":"https:\/\/diariodominicano.com\/index.php?rest_route=%2Fwp%2Fv2%2Fcomments&post=551753"}],"version-history":[{"count":2,"href":"https:\/\/diariodominicano.com\/index.php?rest_route=\/wp\/v2\/posts\/551753\/revisions"}],"predecessor-version":[{"id":551755,"href":"https:\/\/diariodominicano.com\/index.php?rest_route=\/wp\/v2\/posts\/551753\/revisions\/551755"}],"wp:featuredmedia":[{"embeddable":true,"href":"https:\/\/diariodominicano.com\/index.php?rest_route=\/wp\/v2\/media\/540561"}],"wp:attachment":[{"href":"https:\/\/diariodominicano.com\/index.php?rest_route=%2Fwp%2Fv2%2Fmedia&parent=551753"}],"wp:term":[{"taxonomy":"category","embeddable":true,"href":"https:\/\/diariodominicano.com\/index.php?rest_route=%2Fwp%2Fv2%2Fcategories&post=551753"},{"taxonomy":"post_tag","embeddable":true,"href":"https:\/\/diariodominicano.com\/index.php?rest_route=%2Fwp%2Fv2%2Ftags&post=551753"}],"curies":[{"name":"wp","href":"https:\/\/api.w.org\/{rel}","templated":true}]}}