{"id":551680,"date":"2024-08-13T16:48:07","date_gmt":"2024-08-13T20:48:07","guid":{"rendered":"https:\/\/diariodominicano.com\/?p=551680"},"modified":"2024-08-13T16:48:14","modified_gmt":"2024-08-13T20:48:14","slug":"fiscalia-de-santiago-solicita-prision-preventiva-contra-cabo-de-la-armada-dominicana-por-asesinato-de-medico","status":"publish","type":"post","link":"https:\/\/diariodominicano.com\/?p=551680","title":{"rendered":"Fiscal\u00eda de Santiago solicita prisi\u00f3n preventiva contra cabo de la Armada Dominicana por asesinato de medico"},"content":{"rendered":"\n<p>diariodominicano.com<\/p>\n\n\n\n<p><strong>Santiago, R. D.,<\/strong>\u2002<strong>13 de agosto, 2024.-<\/strong>\u00a0La Fiscal\u00eda de Santiago deposit\u00f3 ante la Oficina Judicial de Servicios de Atenci\u00f3n Permanente la instancia de solicitud de medida de coerci\u00f3n contra un cabo de la Armada Dominicana a quien le imputa el asesinato de un m\u00e9dico perinatolog\u00eda de esta ciudad.<\/p>\n\n\n\n<p>El imputado V\u00edctor Manuel Salda\u00f1a Hern\u00e1ndez (a) Julio, se enfrenta a cargos por violaci\u00f3n a los art\u00edculos 295, 296, 297 y 302 del C\u00f3digo Penal Dominicano, por haber planificado y ejecutado el asesinato de la v\u00edctima, Enrique Antonio Espinal Castillo, un profesional de la perinatolog\u00eda con quien se reuni\u00f3 en su casa del barrio Los Guandules del distrito municipal Hato del Yaque, donde lo mat\u00f3 al propinarle golpes contusos en cr\u00e1neo y rostro.<\/p>\n\n\n\n<p>Puesta en marcha la acci\u00f3n p\u00fablica, a partir de la denuncia que interpusieron familiares de la v\u00edctima por su desaparici\u00f3n, el Departamento de Violencias F\u00edsicas (Homicidios) de la Fiscal\u00eda de Santiago, inici\u00f3 las indagaciones recolectando evidencias materiales, documentales y periciales que desvelaron el nombre de Salda\u00f1a Hern\u00e1ndez como el responsable del crimen.<\/p>\n\n\n\n<p>El cuerpo de Espinal Castillo fue encontrado el pasado lunes 5 agosto, en unos terrenos bald\u00edos de La Costa de Rafelito en Sabana Grande de Palenque, provincia San Crist\u00f3bal, a donde el victimario, oriundo de esa demarcaci\u00f3n, lo traslad\u00f3 y dej\u00f3 abandonado luego de llevarlo en el ba\u00fal de la jeepeta Hyundai, modelo Tucson, color blanco, propiedad de la v\u00edctima, desde el distrito municipal Hato del Yaque.<\/p>\n\n\n\n<p>La Fiscal\u00eda de Santiago tiene y ha puesto a disposici\u00f3n del tribunal, m\u00faltiples evidencias de irrefutable probaci\u00f3n contra el victimario, incluyendo entre estas im\u00e1genes del recorrido que hizo el imputado desde Santiago hasta San Crist\u00f3bal, a bordo del veh\u00edculo, para desaparecer el cuerpo de la v\u00edctima.<\/p>\n\n\n\n<p>El imputado permanece en prisi\u00f3n, luego de que la jueza Yeritza Cabral de la Cruz, atendiendo a una solicitud de la Fiscal\u00eda, le orden\u00f3 el pago de una garant\u00eda econ\u00f3mica de $ 500,000 pesos, como medida de coerci\u00f3n, por el porte de un arma de fuego ilegal, la cual le fue encontrada al imputado durante su arresto, cuando era requerido por el Ministerio P\u00fablico para fines de investigaci\u00f3n.<\/p>\n\n\n\n<p><strong>Direcci\u00f3n General de Comunicaci\u00f3n, Prensa, y RRPP<\/strong><strong><\/strong><\/p>\n\n\n\n<p>Ministerio P\u00fablico.&nbsp;R.D.<\/p>\n\n\n\n<p>Martes, 13 de agosto de 2024<\/p>\n","protected":false},"excerpt":{"rendered":"<p>diariodominicano.com Santiago, R. D.,\u200213 de agosto, 2024.-\u00a0La Fiscal\u00eda de Santiago deposit\u00f3 ante la Oficina Judicial de Servicios de Atenci\u00f3n Permanente la instancia de solicitud de medida de coerci\u00f3n contra un cabo de la Armada Dominicana a quien le imputa el asesinato de un m\u00e9dico perinatolog\u00eda de esta ciudad. El imputado V\u00edctor Manuel Salda\u00f1a Hern\u00e1ndez (a) [&hellip;]<\/p>\n","protected":false},"author":5,"featured_media":290218,"comment_status":"closed","ping_status":"closed","sticky":true,"template":"","format":"standard","meta":{"footnotes":""},"categories":[24,27],"tags":[],"class_list":["post-551680","post","type-post","status-publish","format-standard","has-post-thumbnail","hentry","category-justicia-y-derecho","category-portada"],"_links":{"self":[{"href":"https:\/\/diariodominicano.com\/index.php?rest_route=\/wp\/v2\/posts\/551680","targetHints":{"allow":["GET"]}}],"collection":[{"href":"https:\/\/diariodominicano.com\/index.php?rest_route=\/wp\/v2\/posts"}],"about":[{"href":"https:\/\/diariodominicano.com\/index.php?rest_route=\/wp\/v2\/types\/post"}],"author":[{"embeddable":true,"href":"https:\/\/diariodominicano.com\/index.php?rest_route=\/wp\/v2\/users\/5"}],"replies":[{"embeddable":true,"href":"https:\/\/diariodominicano.com\/index.php?rest_route=%2Fwp%2Fv2%2Fcomments&post=551680"}],"version-history":[{"count":1,"href":"https:\/\/diariodominicano.com\/index.php?rest_route=\/wp\/v2\/posts\/551680\/revisions"}],"predecessor-version":[{"id":551681,"href":"https:\/\/diariodominicano.com\/index.php?rest_route=\/wp\/v2\/posts\/551680\/revisions\/551681"}],"wp:featuredmedia":[{"embeddable":true,"href":"https:\/\/diariodominicano.com\/index.php?rest_route=\/wp\/v2\/media\/290218"}],"wp:attachment":[{"href":"https:\/\/diariodominicano.com\/index.php?rest_route=%2Fwp%2Fv2%2Fmedia&parent=551680"}],"wp:term":[{"taxonomy":"category","embeddable":true,"href":"https:\/\/diariodominicano.com\/index.php?rest_route=%2Fwp%2Fv2%2Fcategories&post=551680"},{"taxonomy":"post_tag","embeddable":true,"href":"https:\/\/diariodominicano.com\/index.php?rest_route=%2Fwp%2Fv2%2Ftags&post=551680"}],"curies":[{"name":"wp","href":"https:\/\/api.w.org\/{rel}","templated":true}]}}