{"id":551594,"date":"2024-08-13T00:34:08","date_gmt":"2024-08-13T04:34:08","guid":{"rendered":"https:\/\/diariodominicano.com\/?p=551594"},"modified":"2024-08-13T00:47:20","modified_gmt":"2024-08-13T04:47:20","slug":"mas-de-10-artistas-se-unen-para-llevar-alegria-en-las-patronales","status":"publish","type":"post","link":"https:\/\/diariodominicano.com\/?p=551594","title":{"rendered":"M\u00e1s de 10 artistas se unen para llevar alegr\u00eda en las Patronales de Higuey"},"content":{"rendered":"\n<figure class=\"wp-block-image size-large\"><img loading=\"lazy\" decoding=\"async\" width=\"853\" height=\"1024\" src=\"https:\/\/diariodominicano.com\/wp-content\/uploads\/2024\/08\/Arte-Patronales-Higuey-1-1-853x1024.jpg\" alt=\"\" class=\"wp-image-551612\" srcset=\"https:\/\/diariodominicano.com\/wp-content\/uploads\/2024\/08\/Arte-Patronales-Higuey-1-1-853x1024.jpg 853w, https:\/\/diariodominicano.com\/wp-content\/uploads\/2024\/08\/Arte-Patronales-Higuey-1-1-250x300.jpg 250w, https:\/\/diariodominicano.com\/wp-content\/uploads\/2024\/08\/Arte-Patronales-Higuey-1-1-768x922.jpg 768w, https:\/\/diariodominicano.com\/wp-content\/uploads\/2024\/08\/Arte-Patronales-Higuey-1-1-1280x1536.jpg 1280w, https:\/\/diariodominicano.com\/wp-content\/uploads\/2024\/08\/Arte-Patronales-Higuey-1-1-816x979.jpg 816w, https:\/\/diariodominicano.com\/wp-content\/uploads\/2024\/08\/Arte-Patronales-Higuey-1-1.jpg 1333w\" sizes=\"auto, (max-width: 853px) 100vw, 853px\" \/><\/figure>\n\n\n\n<figure class=\"wp-block-image size-full\"><img loading=\"lazy\" decoding=\"async\" width=\"225\" height=\"225\" src=\"https:\/\/diariodominicano.com\/wp-content\/uploads\/2024\/08\/Kiko-El-Presidente.jpeg\" alt=\"\" class=\"wp-image-551596\" srcset=\"https:\/\/diariodominicano.com\/wp-content\/uploads\/2024\/08\/Kiko-El-Presidente.jpeg 225w, https:\/\/diariodominicano.com\/wp-content\/uploads\/2024\/08\/Kiko-El-Presidente-150x150.jpeg 150w, https:\/\/diariodominicano.com\/wp-content\/uploads\/2024\/08\/Kiko-El-Presidente-88x88.jpeg 88w\" sizes=\"auto, (max-width: 225px) 100vw, 225px\" \/><\/figure>\n\n\n\n<p><strong>Kico El Presidente <\/strong><\/p>\n\n\n\n<p><strong><u>Del 14 al 18 de agosto en La<\/u><\/strong><\/p>\n\n\n\n<p><strong><u>&nbsp;Explanada<\/u><\/strong><strong><u><\/u><\/strong><\/p>\n\n\n\n<p><strong>Hig\u00fcey, RD.-<\/strong>&nbsp;&nbsp;El concierto&nbsp;\u201cPatronales&nbsp;0.28 Hig\u00fcey\u201d, contar\u00e1 con una descarga musical de horas ininterrumpidas de espect\u00e1culo, baile y alegr\u00eda a cargo de m\u00e1s de 10 artistas locales y nacionales que se unen en tan esperado evento.<\/p>\n\n\n\n<figure class=\"wp-block-image size-full\"><img loading=\"lazy\" decoding=\"async\" width=\"828\" height=\"876\" src=\"https:\/\/diariodominicano.com\/wp-content\/uploads\/2024\/08\/Luisanna-Grullon.webp\" alt=\"\" class=\"wp-image-551597\" srcset=\"https:\/\/diariodominicano.com\/wp-content\/uploads\/2024\/08\/Luisanna-Grullon.webp 828w, https:\/\/diariodominicano.com\/wp-content\/uploads\/2024\/08\/Luisanna-Grullon-284x300.webp 284w, https:\/\/diariodominicano.com\/wp-content\/uploads\/2024\/08\/Luisanna-Grullon-768x813.webp 768w, https:\/\/diariodominicano.com\/wp-content\/uploads\/2024\/08\/Luisanna-Grullon-816x863.webp 816w\" sizes=\"auto, (max-width: 828px) 100vw, 828px\" \/><\/figure>\n\n\n\n<p><strong>Luisanna Grull\u00f3n<\/strong><\/p>\n\n\n\n<figure class=\"wp-block-image size-full\"><img loading=\"lazy\" decoding=\"async\" width=\"854\" height=\"707\" src=\"https:\/\/diariodominicano.com\/wp-content\/uploads\/2024\/08\/Eudis-El-Invencible.webp\" alt=\"\" class=\"wp-image-551599\" srcset=\"https:\/\/diariodominicano.com\/wp-content\/uploads\/2024\/08\/Eudis-El-Invencible.webp 854w, https:\/\/diariodominicano.com\/wp-content\/uploads\/2024\/08\/Eudis-El-Invencible-300x248.webp 300w, https:\/\/diariodominicano.com\/wp-content\/uploads\/2024\/08\/Eudis-El-Invencible-768x636.webp 768w, https:\/\/diariodominicano.com\/wp-content\/uploads\/2024\/08\/Eudis-El-Invencible-816x676.webp 816w\" sizes=\"auto, (max-width: 854px) 100vw, 854px\" \/><\/figure>\n\n\n\n<p>Eudis El Invencible<\/p>\n\n\n\n<p>Los artistas encargados de apoderarse del escenario y poner a disfrutar a los mun\u00edcipes son: Kiko el Presidente, Mestizo, Eudis El Invencible, Luisanna Grull\u00f3n, &nbsp;Jhovanny Big Swing, Chimby, Enmy Caradura, Ricky Martillo, Jos\u00e9 Manuel El Sult\u00e1n, Ram\u00f3n Torres y Evidence.<\/p>\n\n\n\n<figure class=\"wp-block-image size-full\"><img loading=\"lazy\" decoding=\"async\" width=\"639\" height=\"640\" src=\"https:\/\/diariodominicano.com\/wp-content\/uploads\/2024\/08\/Jhovanny-BigSwing-.jpeg\" alt=\"\" class=\"wp-image-551601\" srcset=\"https:\/\/diariodominicano.com\/wp-content\/uploads\/2024\/08\/Jhovanny-BigSwing-.jpeg 639w, https:\/\/diariodominicano.com\/wp-content\/uploads\/2024\/08\/Jhovanny-BigSwing--300x300.jpeg 300w, https:\/\/diariodominicano.com\/wp-content\/uploads\/2024\/08\/Jhovanny-BigSwing--150x150.jpeg 150w, https:\/\/diariodominicano.com\/wp-content\/uploads\/2024\/08\/Jhovanny-BigSwing--88x88.jpeg 88w\" sizes=\"auto, (max-width: 639px) 100vw, 639px\" \/><\/figure>\n\n\n\n<p>Jhovanny<\/p>\n\n\n\n<figure class=\"wp-block-image size-full\"><img loading=\"lazy\" decoding=\"async\" width=\"1024\" height=\"1024\" src=\"https:\/\/diariodominicano.com\/wp-content\/uploads\/2024\/08\/Mestizo.jpg\" alt=\"\" class=\"wp-image-551602\" srcset=\"https:\/\/diariodominicano.com\/wp-content\/uploads\/2024\/08\/Mestizo.jpg 1024w, https:\/\/diariodominicano.com\/wp-content\/uploads\/2024\/08\/Mestizo-300x300.jpg 300w, https:\/\/diariodominicano.com\/wp-content\/uploads\/2024\/08\/Mestizo-150x150.jpg 150w, https:\/\/diariodominicano.com\/wp-content\/uploads\/2024\/08\/Mestizo-768x768.jpg 768w, https:\/\/diariodominicano.com\/wp-content\/uploads\/2024\/08\/Mestizo-88x88.jpg 88w, https:\/\/diariodominicano.com\/wp-content\/uploads\/2024\/08\/Mestizo-816x816.jpg 816w\" sizes=\"auto, (max-width: 1024px) 100vw, 1024px\" \/><\/figure>\n\n\n\n<p>Meztizo<\/p>\n\n\n\n<figure class=\"wp-block-image size-full\"><img loading=\"lazy\" decoding=\"async\" width=\"800\" height=\"1014\" src=\"https:\/\/diariodominicano.com\/wp-content\/uploads\/2024\/08\/Jose-Manuel-El-Sultan.jpeg\" alt=\"\" class=\"wp-image-551604\" srcset=\"https:\/\/diariodominicano.com\/wp-content\/uploads\/2024\/08\/Jose-Manuel-El-Sultan.jpeg 800w, https:\/\/diariodominicano.com\/wp-content\/uploads\/2024\/08\/Jose-Manuel-El-Sultan-237x300.jpeg 237w, https:\/\/diariodominicano.com\/wp-content\/uploads\/2024\/08\/Jose-Manuel-El-Sultan-768x973.jpeg 768w\" sizes=\"auto, (max-width: 800px) 100vw, 800px\" \/><\/figure>\n\n\n\n<p>Jos\u00e9 Manuel El Sultan<\/p>\n\n\n\n<p>Los d\u00edas 14, 15, 16, 17 y 18 de agosto ser\u00e1n las fechas en que todos los comunitarios disfrutar\u00e1n de la buena m\u00fasica de este selecto grupo de artistas invitados que prometen un espect\u00e1culo de emoci\u00f3n y algarab\u00eda<\/p>\n\n\n\n<p>\u201cPatronales 0.28 Hig\u00fcey\u201d es producido por&nbsp;\u00c1ngel&nbsp;Productions y contar\u00e1 con la participaci\u00f3n de funcionarios de la entidad municipal, comerciantes, l\u00edderes pol\u00edticos y social, as\u00ed como autoridades civiles y militares.<\/p>\n\n\n\n<p>Este evento dedicado al fenecido l\u00edder pol\u00edtico, Amable Aristy Castro, promete animar a la comunidad y a los visitantes con una variedad de talentos locales y nacionales de gran calibre.<\/p>\n\n\n\n<p>Este evento se llevar\u00e1 a cabo en La Explanada frente a Gal Restaurante, donde todo el entorno se convertir\u00e1 en un ambiente festivo con prudencia y en hermandad.<\/p>\n\n\n\n<p>Este concierto es producido por \u00c1ngel Productions, con el apoyo del regidor Willy Zorrilla.<\/p>\n\n\n\n<p>La fiesta ser\u00e1 animada por DJ &nbsp;Anjhelo, DJ Jonas, DJ Mona, DJ Chein, DJ Jay, quienes con sus mezclas encender\u00e1n el ambiente . &nbsp;<\/p>\n\n\n\n<p>La animaci\u00f3n estar\u00e1 en manos de Nikaury Romero, Fransheska del Rosario, Mar\u00eda Mar\u00eda, Alejandra Rodr\u00edguez y Cecilio R\u00e9cords.<\/p>\n\n\n\n<p>Nieves Aimee Disla Martinez<\/p>\n\n\n\n<p><a target=\"_blank\" href=\"mailto:nievesadm@gmail.com\" rel=\"noreferrer noopener\">nievesadm@gmail.com<\/a><\/p>\n","protected":false},"excerpt":{"rendered":"<p>Kico El Presidente Del 14 al 18 de agosto en La &nbsp;Explanada Hig\u00fcey, RD.-&nbsp;&nbsp;El concierto&nbsp;\u201cPatronales&nbsp;0.28 Hig\u00fcey\u201d, contar\u00e1 con una descarga musical de horas ininterrumpidas de espect\u00e1culo, baile y alegr\u00eda a cargo de m\u00e1s de 10 artistas locales y nacionales que se unen en tan esperado evento. Luisanna Grull\u00f3n Eudis El Invencible Los artistas encargados de [&hellip;]<\/p>\n","protected":false},"author":28,"featured_media":551595,"comment_status":"closed","ping_status":"closed","sticky":false,"template":"","format":"standard","meta":{"footnotes":""},"categories":[36,25],"tags":[],"class_list":["post-551594","post","type-post","status-publish","format-standard","has-post-thumbnail","hentry","category-hombresmujeresycosas","category-gente"],"_links":{"self":[{"href":"https:\/\/diariodominicano.com\/index.php?rest_route=\/wp\/v2\/posts\/551594","targetHints":{"allow":["GET"]}}],"collection":[{"href":"https:\/\/diariodominicano.com\/index.php?rest_route=\/wp\/v2\/posts"}],"about":[{"href":"https:\/\/diariodominicano.com\/index.php?rest_route=\/wp\/v2\/types\/post"}],"author":[{"embeddable":true,"href":"https:\/\/diariodominicano.com\/index.php?rest_route=\/wp\/v2\/users\/28"}],"replies":[{"embeddable":true,"href":"https:\/\/diariodominicano.com\/index.php?rest_route=%2Fwp%2Fv2%2Fcomments&post=551594"}],"version-history":[{"count":7,"href":"https:\/\/diariodominicano.com\/index.php?rest_route=\/wp\/v2\/posts\/551594\/revisions"}],"predecessor-version":[{"id":551614,"href":"https:\/\/diariodominicano.com\/index.php?rest_route=\/wp\/v2\/posts\/551594\/revisions\/551614"}],"wp:featuredmedia":[{"embeddable":true,"href":"https:\/\/diariodominicano.com\/index.php?rest_route=\/wp\/v2\/media\/551595"}],"wp:attachment":[{"href":"https:\/\/diariodominicano.com\/index.php?rest_route=%2Fwp%2Fv2%2Fmedia&parent=551594"}],"wp:term":[{"taxonomy":"category","embeddable":true,"href":"https:\/\/diariodominicano.com\/index.php?rest_route=%2Fwp%2Fv2%2Fcategories&post=551594"},{"taxonomy":"post_tag","embeddable":true,"href":"https:\/\/diariodominicano.com\/index.php?rest_route=%2Fwp%2Fv2%2Ftags&post=551594"}],"curies":[{"name":"wp","href":"https:\/\/api.w.org\/{rel}","templated":true}]}}