{"id":551585,"date":"2024-08-13T00:10:27","date_gmt":"2024-08-13T04:10:27","guid":{"rendered":"https:\/\/diariodominicano.com\/?p=551585"},"modified":"2024-08-13T00:10:31","modified_gmt":"2024-08-13T04:10:31","slug":"75o-aniversario-de-la-adopcion-de-los-convenios-de-ginebra-de-1949","status":"publish","type":"post","link":"https:\/\/diariodominicano.com\/?p=551585","title":{"rendered":"75\u00ba aniversario de la adopci\u00f3n de los Convenios de Ginebra de 1949"},"content":{"rendered":"\n<p>Comunicado de prensa del Departamento de Estado<\/p>\n\n\n\n<p>12 de agosto de 2024<\/p>\n\n\n\n<p>Hoy conmemoramos el&nbsp;<sup>75\u00ba<\/sup>&nbsp;aniversario de la adopci\u00f3n de los Convenios de Ginebra de 1949. Las tragedias que vivi\u00f3 el mundo durante la Segunda Guerra Mundial convencieron a los Estados de la urgente necesidad de adoptar nuevas medidas de protecci\u00f3n para los prisioneros de guerra, los heridos y los enfermos, as\u00ed como de formular un nuevo convenio para la protecci\u00f3n de los civiles en tiempos de guerra. Los cuatro Convenios de Ginebra resultantes proporcionan las normas fundamentales para la protecci\u00f3n de las v\u00edctimas de los conflictos armados.<\/p>\n\n\n\n<p>Pa\u00edses de todo el mundo se unieron para negociar y redactar las Convenciones de Ginebra de 1949. Muchos de los delegados a la Conferencia representaban a pa\u00edses que recientemente hab\u00edan presenciado en primera persona el horrible sufrimiento de los civiles en la guerra. La participaci\u00f3n de los Estados Unidos en la Conferencia reflej\u00f3 valores estadounidenses como el reconocimiento de la dignidad y la humanidad de cada persona, incluso de nuestros enemigos en tiempos de guerra. La negociaci\u00f3n de las Convenciones sirve como una clara demostraci\u00f3n de que los Estados, incluso aquellos con profundos desacuerdos, pueden unirse para acordar normas internacionales fundamentales.<\/p>\n\n\n\n<p>El 75\u00ba aniversario de la adopci\u00f3n de los Convenios de Ginebra de 1949 es una ocasi\u00f3n propicia para reafirmar nuestro compromiso de respetar el derecho internacional humanitario y adoptar medidas pragm\u00e1ticas para promover los prop\u00f3sitos humanitarios que lo sustentan. Instamos a los dem\u00e1s a que hagan lo mismo. Frente a la horrible realidad de la guerra, las partes en un conflicto armado deben cumplir con el derecho internacional humanitario para mitigar muchas de las peores consecuencias humanitarias de la guerra, apoyar v\u00edas hacia la paz y promover la protecci\u00f3n de los civiles y otras v\u00edctimas.<\/p>\n\n\n\n<p>U.S. Department of State<\/p>\n\n\n\n<p><a target=\"_blank\" href=\"mailto:usstatebpa@public.govdelivery.com\" rel=\"noreferrer noopener\">usstatebpa@public.govdelivery.c<\/a><\/p>\n","protected":false},"excerpt":{"rendered":"<p>Comunicado de prensa del Departamento de Estado 12 de agosto de 2024 Hoy conmemoramos el&nbsp;75\u00ba&nbsp;aniversario de la adopci\u00f3n de los Convenios de Ginebra de 1949. Las tragedias que vivi\u00f3 el mundo durante la Segunda Guerra Mundial convencieron a los Estados de la urgente necesidad de adoptar nuevas medidas de protecci\u00f3n para los prisioneros de guerra, [&hellip;]<\/p>\n","protected":false},"author":28,"featured_media":475022,"comment_status":"closed","ping_status":"closed","sticky":true,"template":"","format":"standard","meta":{"footnotes":""},"categories":[26,23],"tags":[],"class_list":["post-551585","post","type-post","status-publish","format-standard","has-post-thumbnail","hentry","category-efemerides","category-internacional"],"_links":{"self":[{"href":"https:\/\/diariodominicano.com\/index.php?rest_route=\/wp\/v2\/posts\/551585","targetHints":{"allow":["GET"]}}],"collection":[{"href":"https:\/\/diariodominicano.com\/index.php?rest_route=\/wp\/v2\/posts"}],"about":[{"href":"https:\/\/diariodominicano.com\/index.php?rest_route=\/wp\/v2\/types\/post"}],"author":[{"embeddable":true,"href":"https:\/\/diariodominicano.com\/index.php?rest_route=\/wp\/v2\/users\/28"}],"replies":[{"embeddable":true,"href":"https:\/\/diariodominicano.com\/index.php?rest_route=%2Fwp%2Fv2%2Fcomments&post=551585"}],"version-history":[{"count":1,"href":"https:\/\/diariodominicano.com\/index.php?rest_route=\/wp\/v2\/posts\/551585\/revisions"}],"predecessor-version":[{"id":551586,"href":"https:\/\/diariodominicano.com\/index.php?rest_route=\/wp\/v2\/posts\/551585\/revisions\/551586"}],"wp:featuredmedia":[{"embeddable":true,"href":"https:\/\/diariodominicano.com\/index.php?rest_route=\/wp\/v2\/media\/475022"}],"wp:attachment":[{"href":"https:\/\/diariodominicano.com\/index.php?rest_route=%2Fwp%2Fv2%2Fmedia&parent=551585"}],"wp:term":[{"taxonomy":"category","embeddable":true,"href":"https:\/\/diariodominicano.com\/index.php?rest_route=%2Fwp%2Fv2%2Fcategories&post=551585"},{"taxonomy":"post_tag","embeddable":true,"href":"https:\/\/diariodominicano.com\/index.php?rest_route=%2Fwp%2Fv2%2Ftags&post=551585"}],"curies":[{"name":"wp","href":"https:\/\/api.w.org\/{rel}","templated":true}]}}