{"id":551354,"date":"2024-08-12T09:42:44","date_gmt":"2024-08-12T13:42:44","guid":{"rendered":"https:\/\/diariodominicano.com\/?p=551354"},"modified":"2024-08-12T09:42:49","modified_gmt":"2024-08-12T13:42:49","slug":"fiscal-de-la-cpi-monitorea-las-tensiones-en-venezuela","status":"publish","type":"post","link":"https:\/\/diariodominicano.com\/?p=551354","title":{"rendered":"Fiscal de la CPI \u00abmonitorea\u00bb las tensiones en Venezuela"},"content":{"rendered":"\n<p>ARCHIVO &#8211; El Fiscal de la Corte Penal Internacional, Karim Khan, se dirige a la prensa en Bogot\u00e1, Colombia, el 25 de abril 2024<\/p>\n\n\n\n<ul class=\"wp-block-list\">\n<li><a href=\"https:\/\/www.vozdeamerica.com\/author\/afp\/puk_m\">AFP<\/a><\/li>\n<\/ul>\n\n\n\n<p><a href=\"https:\/\/www.vozdeamerica.com\/a\/fiscal-de-la-cpi-monitorea-las-tensiones-en-venezuela\/7739061.html#comments\">&nbsp;Vea comentarios<\/a><\/p>\n\n\n\n<p>El fiscal jefe de la Corte Penal Internacional, Karim Khan, inform\u00f3 que est\u00e1 \u00abmonitoreando activamente\u00bb las tensiones en Venezuela tras el resultado de las disputadas elecciones presidenciales del pa\u00eds.<\/p>\n\n\n\n<p>LA HAYA \u2014&nbsp;<\/p>\n\n\n\n<p>El fiscal jefe de la Corte Penal Internacional dijo el lunes que est\u00e1 \u00abmonitoreando activamente\u00bb las tensiones en Venezuela por el resultado de las elecciones presidenciales del pa\u00eds.<\/p>\n\n\n\n<p>Karim Khan tambi\u00e9n dijo que su oficina hab\u00eda recibido \u00abm\u00faltiples informes de casos de violencia y otras acusaciones\u00bb tras las elecciones presidenciales del 28 de julio.<\/p>\n\n\n\n<p>El veterano l\u00edder socialista Nicol\u00e1s Maduro fue declarado ganador de un nuevo mandato, pero los l\u00edderes de la oposici\u00f3n dicen que a su candidato, Edmundo Gonz\u00e1lez, le robaron la victoria. Las protestas desde la votaci\u00f3n han dejado al menos 24 muertos y 2.200 personas han sido arrestadas, seg\u00fan grupos de Derechos Humanos.<\/p>\n\n\n\n<p><a href=\"https:\/\/www.vozdeamerica.com\/a\/crecen-llamados-para-que-cpi-actue-ante-repunte-de-arrestos-y-represion-en-venezuela\/7736489.html\"><\/a><\/p>\n\n\n\n<p><a href=\"https:\/\/www.vozdeamerica.com\/a\/crecen-llamados-para-que-cpi-actue-ante-repunte-de-arrestos-y-represion-en-venezuela\/7736489.html\">TAMBI\u00c9N LEA<\/a><\/p>\n\n\n\n<h4 class=\"wp-block-heading\"><a href=\"https:\/\/www.vozdeamerica.com\/a\/crecen-llamados-para-que-cpi-actue-ante-repunte-de-arrestos-y-represion-en-venezuela\/7736489.html\">Crecen llamados para que CPI act\u00fae ante repunte de arrestos y represi\u00f3n en Venezuela<\/a><\/h4>\n\n\n\n<p>La oficina de Khan dijo en un comunicado que estaba \u00abevaluando de forma independiente todos estos informes y otra informaci\u00f3n disponible dentro del alcance de su mandato y jurisdicci\u00f3n\u00bb.<\/p>\n\n\n\n<p>La CPI dijo que todav\u00eda estaba investigando \u00abcon especial atenci\u00f3n\u00bb eventos anteriores en Venezuela. El fiscal de la CPI abri\u00f3 una investigaci\u00f3n anterior sobre posibles cr\u00edmenes de lesa humanidad cometidos por fuerzas gubernamentales durante las protestas de la oposici\u00f3n en 2017, cuando m\u00e1s de 100 personas fueron asesinadas.<\/p>\n\n\n\n<p>La oficina de Khan dijo que se hab\u00eda \u00abinvolucrado\u00bb con el gobierno venezolano \u00abal m\u00e1s alto nivel para subrayar la importancia de garantizar que se respete el Estado de derecho en el momento actual y enfatizar que todas las personas deben ser protegidas de violaciones\u00bb que podr\u00edan ser investigadas por la CPI.<\/p>\n","protected":false},"excerpt":{"rendered":"<p>ARCHIVO &#8211; El Fiscal de la Corte Penal Internacional, Karim Khan, se dirige a la prensa en Bogot\u00e1, Colombia, el 25 de abril 2024 &nbsp;Vea comentarios El fiscal jefe de la Corte Penal Internacional, Karim Khan, inform\u00f3 que est\u00e1 \u00abmonitoreando activamente\u00bb las tensiones en Venezuela tras el resultado de las disputadas elecciones presidenciales del pa\u00eds. [&hellip;]<\/p>\n","protected":false},"author":28,"featured_media":551355,"comment_status":"closed","ping_status":"closed","sticky":true,"template":"","format":"standard","meta":{"footnotes":""},"categories":[23,24],"tags":[],"class_list":["post-551354","post","type-post","status-publish","format-standard","has-post-thumbnail","hentry","category-internacional","category-justicia-y-derecho"],"_links":{"self":[{"href":"https:\/\/diariodominicano.com\/index.php?rest_route=\/wp\/v2\/posts\/551354","targetHints":{"allow":["GET"]}}],"collection":[{"href":"https:\/\/diariodominicano.com\/index.php?rest_route=\/wp\/v2\/posts"}],"about":[{"href":"https:\/\/diariodominicano.com\/index.php?rest_route=\/wp\/v2\/types\/post"}],"author":[{"embeddable":true,"href":"https:\/\/diariodominicano.com\/index.php?rest_route=\/wp\/v2\/users\/28"}],"replies":[{"embeddable":true,"href":"https:\/\/diariodominicano.com\/index.php?rest_route=%2Fwp%2Fv2%2Fcomments&post=551354"}],"version-history":[{"count":1,"href":"https:\/\/diariodominicano.com\/index.php?rest_route=\/wp\/v2\/posts\/551354\/revisions"}],"predecessor-version":[{"id":551356,"href":"https:\/\/diariodominicano.com\/index.php?rest_route=\/wp\/v2\/posts\/551354\/revisions\/551356"}],"wp:featuredmedia":[{"embeddable":true,"href":"https:\/\/diariodominicano.com\/index.php?rest_route=\/wp\/v2\/media\/551355"}],"wp:attachment":[{"href":"https:\/\/diariodominicano.com\/index.php?rest_route=%2Fwp%2Fv2%2Fmedia&parent=551354"}],"wp:term":[{"taxonomy":"category","embeddable":true,"href":"https:\/\/diariodominicano.com\/index.php?rest_route=%2Fwp%2Fv2%2Fcategories&post=551354"},{"taxonomy":"post_tag","embeddable":true,"href":"https:\/\/diariodominicano.com\/index.php?rest_route=%2Fwp%2Fv2%2Ftags&post=551354"}],"curies":[{"name":"wp","href":"https:\/\/api.w.org\/{rel}","templated":true}]}}