{"id":551288,"date":"2024-08-12T00:28:01","date_gmt":"2024-08-12T04:28:01","guid":{"rendered":"https:\/\/diariodominicano.com\/?p=551288"},"modified":"2024-08-12T00:29:41","modified_gmt":"2024-08-12T04:29:41","slug":"dr-pablo-mateo-puso-en-circulacion-su-nuevo-libro-el-hombre-y-su-prostata","status":"publish","type":"post","link":"https:\/\/diariodominicano.com\/?p=551288","title":{"rendered":"Dr. Pablo Mateo puso en circulaci\u00f3n su nuevo libro \u201cEl hombre y su Pr\u00f3stata\u201d"},"content":{"rendered":"\n<p>Geraldo Rodr\u00edguez, Chantal Mateo, Dr. Pablo Mateo y Carlos T. Mart\u00ednez<\/p>\n\n\n\n<p>Con la participaci\u00f3n de profesionales de la medicina, clientes y ejecutivos de los medios de comunicaci\u00f3n<\/p>\n\n\n\n<figure class=\"wp-block-image size-large\"><img loading=\"lazy\" decoding=\"async\" width=\"723\" height=\"1024\" src=\"https:\/\/diariodominicano.com\/wp-content\/uploads\/2024\/08\/Foto-13-Dr.-Pablo-Mateo-firma-el-libro-El-Hombre-y-su-Prostata-a-Milagros-Terrero-Cuesta-723x1024.jpg\" alt=\"\" class=\"wp-image-551289\" srcset=\"https:\/\/diariodominicano.com\/wp-content\/uploads\/2024\/08\/Foto-13-Dr.-Pablo-Mateo-firma-el-libro-El-Hombre-y-su-Prostata-a-Milagros-Terrero-Cuesta-723x1024.jpg 723w, https:\/\/diariodominicano.com\/wp-content\/uploads\/2024\/08\/Foto-13-Dr.-Pablo-Mateo-firma-el-libro-El-Hombre-y-su-Prostata-a-Milagros-Terrero-Cuesta-212x300.jpg 212w, https:\/\/diariodominicano.com\/wp-content\/uploads\/2024\/08\/Foto-13-Dr.-Pablo-Mateo-firma-el-libro-El-Hombre-y-su-Prostata-a-Milagros-Terrero-Cuesta-768x1087.jpg 768w, https:\/\/diariodominicano.com\/wp-content\/uploads\/2024\/08\/Foto-13-Dr.-Pablo-Mateo-firma-el-libro-El-Hombre-y-su-Prostata-a-Milagros-Terrero-Cuesta-1085x1536.jpg 1085w, https:\/\/diariodominicano.com\/wp-content\/uploads\/2024\/08\/Foto-13-Dr.-Pablo-Mateo-firma-el-libro-El-Hombre-y-su-Prostata-a-Milagros-Terrero-Cuesta-816x1155.jpg 816w, https:\/\/diariodominicano.com\/wp-content\/uploads\/2024\/08\/Foto-13-Dr.-Pablo-Mateo-firma-el-libro-El-Hombre-y-su-Prostata-a-Milagros-Terrero-Cuesta.jpg 1200w\" sizes=\"auto, (max-width: 723px) 100vw, 723px\" \/><\/figure>\n\n\n\n<p><strong>\u00a0 \u00a0 \u00a0 \u00a0\u00a0Dr. Pablo Mateo, firma el libro \u201cEl Hombre y su Pr\u00f3stata\u201d a Milagros Terrero Cuesta<\/strong><\/p>\n\n\n\n<p><strong>Rafael Reyes Bison\u00f3<\/strong><\/p>\n\n\n\n<p>Santo Domingo, D.N domingo 11 de agosto del 2024 &nbsp;Doctor ur\u00f3logo Pablo Mateo, eligi\u00f3 la Sala Aida Cartagena de&nbsp; la Biblioteca Nacional Pedro Henr\u00edquez Ure\u00f1a, para poner en circulaci\u00f3n su nuevo libro&nbsp;&nbsp;<strong>\u201cEl hombre y su Pr\u00f3stata<\/strong>\u201d. En compa\u00f1\u00eda de profesionales de la medicina, clientes y ejecutivos de los medios de comunicaci\u00f3n<\/p>\n\n\n\n<figure class=\"wp-block-image size-large\"><img loading=\"lazy\" decoding=\"async\" width=\"733\" height=\"1024\" src=\"https:\/\/diariodominicano.com\/wp-content\/uploads\/2024\/08\/Foto-3-Jose-Florentino-Nancy-Velasquez-y-Emmanuel-Esquea-Guerrero-733x1024.jpg\" alt=\"\" class=\"wp-image-551291\" srcset=\"https:\/\/diariodominicano.com\/wp-content\/uploads\/2024\/08\/Foto-3-Jose-Florentino-Nancy-Velasquez-y-Emmanuel-Esquea-Guerrero-733x1024.jpg 733w, https:\/\/diariodominicano.com\/wp-content\/uploads\/2024\/08\/Foto-3-Jose-Florentino-Nancy-Velasquez-y-Emmanuel-Esquea-Guerrero-215x300.jpg 215w, https:\/\/diariodominicano.com\/wp-content\/uploads\/2024\/08\/Foto-3-Jose-Florentino-Nancy-Velasquez-y-Emmanuel-Esquea-Guerrero-768x1073.jpg 768w, https:\/\/diariodominicano.com\/wp-content\/uploads\/2024\/08\/Foto-3-Jose-Florentino-Nancy-Velasquez-y-Emmanuel-Esquea-Guerrero-1099x1536.jpg 1099w, https:\/\/diariodominicano.com\/wp-content\/uploads\/2024\/08\/Foto-3-Jose-Florentino-Nancy-Velasquez-y-Emmanuel-Esquea-Guerrero-816x1140.jpg 816w, https:\/\/diariodominicano.com\/wp-content\/uploads\/2024\/08\/Foto-3-Jose-Florentino-Nancy-Velasquez-y-Emmanuel-Esquea-Guerrero.jpg 1200w\" sizes=\"auto, (max-width: 733px) 100vw, 733px\" \/><\/figure>\n\n\n\n<p><strong>Jos\u00e9 Florentino, Nancy Vel\u00e1squez y Emmanuel Esquea Guerrero<\/strong><\/p>\n\n\n\n<p>El Prorrog\u00f3 del libro, fue realizado por Dr. \u00a0Humberto Villavicencio, Pasado director de la Fundaci\u00f3n Puigver, Barcelona, Espa\u00f1a.\u00a0<\/p>\n\n\n\n<figure class=\"wp-block-image size-large\"><img loading=\"lazy\" decoding=\"async\" width=\"1024\" height=\"666\" src=\"https:\/\/diariodominicano.com\/wp-content\/uploads\/2024\/08\/Foto-4-Set-del-libro-El-hombre-y-su-Prostata-autoria-del-Dr.-Urologo-Pablo-Mateo-1024x666.jpg\" alt=\"\" class=\"wp-image-551290\" srcset=\"https:\/\/diariodominicano.com\/wp-content\/uploads\/2024\/08\/Foto-4-Set-del-libro-El-hombre-y-su-Prostata-autoria-del-Dr.-Urologo-Pablo-Mateo-1024x666.jpg 1024w, https:\/\/diariodominicano.com\/wp-content\/uploads\/2024\/08\/Foto-4-Set-del-libro-El-hombre-y-su-Prostata-autoria-del-Dr.-Urologo-Pablo-Mateo-300x195.jpg 300w, https:\/\/diariodominicano.com\/wp-content\/uploads\/2024\/08\/Foto-4-Set-del-libro-El-hombre-y-su-Prostata-autoria-del-Dr.-Urologo-Pablo-Mateo-768x499.jpg 768w, https:\/\/diariodominicano.com\/wp-content\/uploads\/2024\/08\/Foto-4-Set-del-libro-El-hombre-y-su-Prostata-autoria-del-Dr.-Urologo-Pablo-Mateo-816x530.jpg 816w, https:\/\/diariodominicano.com\/wp-content\/uploads\/2024\/08\/Foto-4-Set-del-libro-El-hombre-y-su-Prostata-autoria-del-Dr.-Urologo-Pablo-Mateo.jpg 1500w\" sizes=\"auto, (max-width: 1024px) 100vw, 1024px\" \/><\/figure>\n\n\n\n<p>Set del libro <strong>\u201cEl Hombre y su Pr\u00f3stata\u201d a Milagros Terrero Cuesta<\/strong><\/p>\n\n\n\n<p>Dr. ur\u00f3logo Pablo Mateo, ofreci\u00f3 gracias a\u00a0 Dios, por darle la oportunidad de cumplir su sue\u00f1o y por ende dejar un legado a las nuevas generaciones, , adem\u00e1s recalco que para presentar su libro, se inspir\u00f3 en el entusiasmo del Dr. H\u00e9ctor Mateo, destacado y reconocido\u00a0 cardi\u00f3logo dominicano.<\/p>\n\n\n\n<p>Adem\u00e1s manifest\u00f3 su satisfacci\u00f3n de presentar su obra de historia y consultas, donde desglosa en \u00e9l, sus experiencias en el fascinante mundo de la urolog\u00eda, e importancia de la pr\u00f3stata en los hombres a partir de los 35 a\u00f1os. Y la importancia de la prevenci\u00f3n con chequeos rutinarios, para bajar el porciento de hombres afectados, por falta de conocimiento o llegada tard\u00eda a chequeos rutinarios. &nbsp;<\/p>\n\n\n\n<p>El Dr. Mateo se\u00f1al\u00f3 que el dinero recaudado por las ventas de los libros ser\u00e1 para: jornadas en zonas necesitadas para detecci\u00f3n temprana de c\u00e1ncer de pr\u00f3stata.&nbsp;<\/p>\n\n\n\n<p>Adem\u00e1s puntualiz\u00f3, el Dr. Mateo que desde sus inicios prevalece su&nbsp; satisfacci\u00f3n y pasi\u00f3n por seguir avanzando en aras de la clase urol\u00f3gica y de pacientes masculinos de escasos recursos econ\u00f3micos., que a trav\u00e9s de su fundaci\u00f3n FUNDOURO, realiza peri\u00f3dicamente jornadas gratuitas en localidades de extrema pobreza.<\/p>\n\n\n\n<p>Ante la duda visite su Ur\u00f3logo<\/p>\n\n\n\n<p><a href=\"http:\/\/www.drpablomateo.com\/\" target=\"_blank\" rel=\"noreferrer noopener\">www.drpablomateo.com<\/a><\/p>\n\n\n\n<p>@urologodrmateo&nbsp;<\/p>\n\n\n\n<p>.Coordinador Departamento Uro-Oncolog\u00eda Instituto Nacional del C\u00e1ncer (INCART)<\/p>\n\n\n\n<p>.Presidente Congreso Confederaci\u00f3n Americana de Urolog\u00eda (CAU) 2018<\/p>\n\n\n\n<p>.Presidente Comit\u00e9 de \u00c9tica Sociedad Dominicana de Urolog\u00eda (SDU)&nbsp;<\/p>\n\n\n\n<p>.Presidente Fundaci\u00f3n Dominicana de Urolog\u00eda (FUNDOURO)<\/p>\n\n\n\n<p><strong>Rafael Reyes Bison\u00f3.\u00a0 E-mail:\u00a0<\/strong><a href=\"mailto:rafaelreyesbisono@hotmail.com\" target=\"_blank\" rel=\"noreferrer noopener\">rafaelreyesbisono@hotmail.com<\/a><\/p>\n\n\n\n<p>Fotografias:<\/p>\n\n\n\n<p>Foto Principal &nbsp;Geraldo Rodr\u00edguez, Chantal Mateo, Dr. Pablo Mateo y Carlos T. Mart\u00ednez<\/p>\n\n\n\n<p>Foto 1 Agueda Santos, Ricardo Mateo y Julia Mateo<\/p>\n\n\n\n<p>Foto 2 Falconelis Pimentel y Nikol Pujols<\/p>\n\n\n\n<p>Foto 3 Jos\u00e9 Florentino, Nancy Vel\u00e1squez y Emmanuel Esquea Guerrero<\/p>\n\n\n\n<p>Foto 4 Set del libro \u201cEl hombre y su Pr\u00f3stata\u201d, autor\u00eda del Dr. Ur\u00f3logo &nbsp;Pablo Mateo<\/p>\n\n\n\n<p>Foto 5 Alan Mateo y Guillermo Contreras, conversando animadamente<\/p>\n\n\n\n<p>Foto 6 Maria Enriquetta Maioriello y Jos\u00e9 Gabriel Jim\u00e9nez<\/p>\n\n\n\n<p>Foto 7 Mariana Inciarte y Alberto Fonseca, disfrutando del libro \u201cEl Hombre y su Pr\u00f3stata\u201d<\/p>\n\n\n\n<p>Foto 8 Paola Mateo y Rommy Grull\u00f3n<\/p>\n\n\n\n<p>Foto 9 Alberto Mej\u00eda y Flor Franjul<\/p>\n\n\n\n<p>Foto 10 Anselmo Tapia, Alba Iris Mateo y Pablo Vallejo<\/p>\n\n\n\n<p>Foto 11 Ana Rodr\u00edguez, Katherine y Ismael Acosta<\/p>\n\n\n\n<p>Foto 12 Carlos Henr\u00edquez y Gianna Batista<\/p>\n\n\n\n<p>Foto 13 &nbsp;Dr. Pablo Mateo, firma el libro \u201cEl Hombre y su Pr\u00f3stata\u201d a Milagros Terrero Cuesta<\/p>\n\n\n\n<p>Foto 14 &nbsp;Alexandra Hichez y Jos\u00e9 de Jes\u00fas<\/p>\n\n\n\n<p>Foto 15 Laura Padovani, Ricardo Ovalle Rosa y Marcia Brugal<\/p>\n\n\n\n<p>Foto 16 Zoila Puello y V\u00edctor Araujo<\/p>\n\n\n\n<p>Foto 17 Milagros Terrero Cuesta y Gladys de Terrero<\/p>\n\n\n\n<p>Foto 18 Laura Padovani y Alison Castillo<\/p>\n\n\n\n<p>Foto 19 Julia Mateo y Agueda Santos<\/p>\n\n\n\n<p>Foto 20 Vista panor\u00e1mica del Dr. Pablo Mateo, dirigi\u00e9ndose a los asistente en la circulaci\u00f3n su nuevo libro \u201cEl hombre y su Pr\u00f3stata\u201d<\/p>\n\n\n\n<p>Foto 21 Dr. Pablo Mateo acompa\u00f1ado parte de su familia<\/p>\n\n\n\n<p>&#8230;<\/p>\n","protected":false},"excerpt":{"rendered":"<p>Geraldo Rodr\u00edguez, Chantal Mateo, Dr. Pablo Mateo y Carlos T. Mart\u00ednez Con la participaci\u00f3n de profesionales de la medicina, clientes y ejecutivos de los medios de comunicaci\u00f3n \u00a0 \u00a0 \u00a0 \u00a0\u00a0Dr. Pablo Mateo, firma el libro \u201cEl Hombre y su Pr\u00f3stata\u201d a Milagros Terrero Cuesta Rafael Reyes Bison\u00f3 Santo Domingo, D.N domingo 11 de agosto [&hellip;]<\/p>\n","protected":false},"author":2,"featured_media":0,"comment_status":"closed","ping_status":"closed","sticky":true,"template":"","format":"standard","meta":{"footnotes":""},"categories":[36,25,27],"tags":[],"class_list":["post-551288","post","type-post","status-publish","format-standard","hentry","category-hombresmujeresycosas","category-gente","category-portada"],"_links":{"self":[{"href":"https:\/\/diariodominicano.com\/index.php?rest_route=\/wp\/v2\/posts\/551288","targetHints":{"allow":["GET"]}}],"collection":[{"href":"https:\/\/diariodominicano.com\/index.php?rest_route=\/wp\/v2\/posts"}],"about":[{"href":"https:\/\/diariodominicano.com\/index.php?rest_route=\/wp\/v2\/types\/post"}],"author":[{"embeddable":true,"href":"https:\/\/diariodominicano.com\/index.php?rest_route=\/wp\/v2\/users\/2"}],"replies":[{"embeddable":true,"href":"https:\/\/diariodominicano.com\/index.php?rest_route=%2Fwp%2Fv2%2Fcomments&post=551288"}],"version-history":[{"count":2,"href":"https:\/\/diariodominicano.com\/index.php?rest_route=\/wp\/v2\/posts\/551288\/revisions"}],"predecessor-version":[{"id":551293,"href":"https:\/\/diariodominicano.com\/index.php?rest_route=\/wp\/v2\/posts\/551288\/revisions\/551293"}],"wp:attachment":[{"href":"https:\/\/diariodominicano.com\/index.php?rest_route=%2Fwp%2Fv2%2Fmedia&parent=551288"}],"wp:term":[{"taxonomy":"category","embeddable":true,"href":"https:\/\/diariodominicano.com\/index.php?rest_route=%2Fwp%2Fv2%2Fcategories&post=551288"},{"taxonomy":"post_tag","embeddable":true,"href":"https:\/\/diariodominicano.com\/index.php?rest_route=%2Fwp%2Fv2%2Ftags&post=551288"}],"curies":[{"name":"wp","href":"https:\/\/api.w.org\/{rel}","templated":true}]}}