{"id":55128,"date":"2020-11-06T14:17:04","date_gmt":"2020-11-06T14:17:04","guid":{"rendered":"http:\/\/diariodominicano.ddns.net\/?p=55128"},"modified":"2020-11-06T14:17:04","modified_gmt":"2020-11-06T14:17:04","slug":"el-monumento-de-santiago-monumento-a-los-heroes-de-la-restauracion-2","status":"publish","type":"post","link":"https:\/\/diariodominicano.com\/?p=55128","title":{"rendered":"El monumento de Santiago,  \u00abMonumento a los H\u00e9roes de la Restauraci\u00f3n\u00bb"},"content":{"rendered":"<p><body><\/p>\n<p><img decoding=\"async\" src=\"img3\/Monumento-a-los-Heroes-de-la-Restauracion.jpg\" \/><br \/><img decoding=\"async\" src=\"http:\/\/localhost:8080\/img3\/Monumento-a-los-Heroes-de-la-Restauracion-Santiago.jpg\" \/>  <\/p>\n<p><strong>Diariodominicano.com<\/strong><\/p>\n<p><strong>  La obra hab\u00eda sido construida para honrar al dictador Rafael Le\u00f3nidas Trujillo Molina, quien encabez\u00f3 una tiran\u00eda de m\u00e1s de 30 a\u00f1os.<\/strong><\/p>\n<p><strong>El monumento de Santiago,  \u00abMonumento a los H\u00e9roes de la Restauraci\u00f3n\u00bb<\/strong><\/p>\n<p><strong> <\/strong><\/p>\n<p><strong>  Por H\u00e9ctor Tineo Nolasco<\/strong><\/p>\n<p><strong>Diariodominicano.com<\/strong><\/p>\n<p><strong>    SANTIAGO DE LOS CABALLEROS,  el 7 de noviembre de 1961<\/strong>, el Congreso Nacional aprob\u00f3 la ley 5724, en virtud de la cual bautiz\u00f3 el Monumento de la ciudad de Santiago, como Monumento a los H\u00e9roes de la Restauraci\u00f3n.<\/p>\n<\/p>\n<p>    La obra hab\u00eda sido construida para honrar al dictador Rafael Le\u00f3nidas Trujillo Molina, quien encabez\u00f3 una tiran\u00eda de m\u00e1s de 30 a\u00f1os.<\/p>\n<\/p>\n<p>    El dictador Trujillo fue ultimado  el 30 de mayo de 1961, por un grupo de sus antiguos colaboradores.<\/p>\n<\/p>\n<p>    Durante los primeros meses posteriores al acontecimiento los cuerpos represivos desataron una campa\u00f1a nacional de represi\u00f3n, pero en noviembre el pa\u00eds viv\u00eda un ambiente contrario a los remanentes del Trujillismo.<\/p>\n<\/p>\n<p>    Hasta el 7 de noviembre de 1961, el Monumento de Santiago era denominado \u00abMonumento Trujillo de la Paz\u00bb.<\/p>\n<\/p>\n<p>    Como parte de la campa\u00f1a de destrujillizaci\u00f3n se quitaron los nombres de los Trujillo a todas las obras p\u00fablicas.<\/p>\n<\/p>\n<p>Ramfis Trujillo anuncia presupuesto<\/p>\n<\/p>\n<p> El mismo d\u00eda  7 de noviembre de 1961, a pesar de la campa\u00f1a que se llevaba a cabo en el pa\u00eds contra los familiares del dictador Rafael Le\u00f3nidas Trujillo Molina y sus colaboradores, el Jefe del Estado Mayor Conjunto de las Fuerzas Armadas, General de Cuatro Estrellas Rafael Le\u00f3nidas Trujillo Mart\u00ednez (Ramfis), anunci\u00f3 que el presupuesto anual de los institutos castrenses ser\u00eda de 27 millones de pesos.<\/p>\n<\/p>\n<p>     Ramfis Trujillo dijo en la ocasi\u00f3n que las Fuerzas Armadas ten\u00edan 20 mil hombres.<\/p>\n<\/p>\n<h6> 2020-11-06 14:17:04 <\/h6>\n<p><!--\n<link rel=\"stylesheet\" href=\"css\/bootstrap.min.css\">\n\n\n<ul class=\"pagination\">\n\t    \n\t\n\n<li >\n\t<a href='?page_no=71'>Previous<\/a>\n\t<\/li>\n\n\n       \n    \n\n<li><a href='?page_no=1'>1<\/a><\/li>\n\n\n\n<li><a href='?page_no=2'>2<\/a><\/li>\n\n\n\n<li><a>...<\/a><\/li>\n\n\n\n<li><a href='?page_no=70'>70<\/a><\/li>\n\n\n\n<li><a href='?page_no=71'>71<\/a><\/li>\n\n\n\n<li class='active'><a>72<\/a><\/li>\n\n\n\n<li><a href='?page_no=73'>73<\/a><\/li>\n\n\n\n<li><a href='?page_no=74'>74<\/a><\/li>\n\n\n\n<li><a>...<\/a><\/li>\n\n\n\n<li><a href='?page_no=22911'>22911<\/a><\/li>\n\n\n\n<li><a href='?page_no=22912'>22912<\/a><\/li>\n\n    \n\t\n\n<li >\n\t<a href='?page_no=73'>Next<\/a>\n\t<\/li>\n\n\n    \n\n<li><a href='?page_no=22912'>Last &rsaquo;&rsaquo;<\/a><\/li>\n\n<\/ul>\n\n\n--><br \/>\n<\/body><\/p>\n","protected":false},"excerpt":{"rendered":"<p>Diariodominicano.com La obra hab\u00eda sido construida para honrar al dictador Rafael Le\u00f3nidas Trujillo Molina, quien encabez\u00f3 una tiran\u00eda de m\u00e1s de 30 a\u00f1os. El monumento de Santiago, \u00abMonumento a los H\u00e9roes de la Restauraci\u00f3n\u00bb Por H\u00e9ctor Tineo Nolasco Diariodominicano.com SANTIAGO DE LOS CABALLEROS, el 7 de noviembre de 1961, el Congreso Nacional aprob\u00f3 la ley [&hellip;]<\/p>\n","protected":false},"author":3,"featured_media":0,"comment_status":"open","ping_status":"open","sticky":false,"template":"","format":"standard","meta":{"footnotes":""},"categories":[21],"tags":[],"class_list":["post-55128","post","type-post","status-publish","format-standard","hentry","category-cultura"],"_links":{"self":[{"href":"https:\/\/diariodominicano.com\/index.php?rest_route=\/wp\/v2\/posts\/55128","targetHints":{"allow":["GET"]}}],"collection":[{"href":"https:\/\/diariodominicano.com\/index.php?rest_route=\/wp\/v2\/posts"}],"about":[{"href":"https:\/\/diariodominicano.com\/index.php?rest_route=\/wp\/v2\/types\/post"}],"author":[{"embeddable":true,"href":"https:\/\/diariodominicano.com\/index.php?rest_route=\/wp\/v2\/users\/3"}],"replies":[{"embeddable":true,"href":"https:\/\/diariodominicano.com\/index.php?rest_route=%2Fwp%2Fv2%2Fcomments&post=55128"}],"version-history":[{"count":0,"href":"https:\/\/diariodominicano.com\/index.php?rest_route=\/wp\/v2\/posts\/55128\/revisions"}],"wp:attachment":[{"href":"https:\/\/diariodominicano.com\/index.php?rest_route=%2Fwp%2Fv2%2Fmedia&parent=55128"}],"wp:term":[{"taxonomy":"category","embeddable":true,"href":"https:\/\/diariodominicano.com\/index.php?rest_route=%2Fwp%2Fv2%2Fcategories&post=55128"},{"taxonomy":"post_tag","embeddable":true,"href":"https:\/\/diariodominicano.com\/index.php?rest_route=%2Fwp%2Fv2%2Ftags&post=55128"}],"curies":[{"name":"wp","href":"https:\/\/api.w.org\/{rel}","templated":true}]}}