{"id":550988,"date":"2024-08-10T01:43:46","date_gmt":"2024-08-10T05:43:46","guid":{"rendered":"https:\/\/diariodominicano.com\/?p=550988"},"modified":"2024-08-10T01:43:52","modified_gmt":"2024-08-10T05:43:52","slug":"china-presenta-apelacion-ante-omc-por-aranceles-de-la-ue-a-vehiculos-electricos","status":"publish","type":"post","link":"https:\/\/diariodominicano.com\/?p=550988","title":{"rendered":"China presenta apelaci\u00f3n ante OMC por aranceles de la UE a veh\u00edculos el\u00e9ctricos"},"content":{"rendered":"\n<p><em>spanish.news.cn<\/em>|<em>&nbsp;2024-08-09 20:35:46<\/em>|<\/p>\n\n\n\n<p>BEIJING, 9 ago (Xinhua) &#8212; China present\u00f3 hoy viernes una apelaci\u00f3n ante la Organizaci\u00f3n Mundial del Comercio (OMC) para impugnar la imposici\u00f3n de aranceles adicionales provisionales a las importaciones de veh\u00edculos el\u00e9ctricos chinos por parte de la Uni\u00f3n Europea (UE).<\/p>\n\n\n\n<p>Para salvaguardar los derechos e intereses de desarrollo de la industria de los veh\u00edculos el\u00e9ctricos y la cooperaci\u00f3n mundial en materia de transformaci\u00f3n ecol\u00f3gica, China apel\u00f3 al mecanismo de soluci\u00f3n de diferencias de la OMC ante las medidas compensatorias provisionales de la UE sobre los veh\u00edculos el\u00e9ctricos, inform\u00f3 el Ministerio de Comercio del pa\u00eds asi\u00e1tico.<\/p>\n\n\n\n<p>El fallo preliminar de la UE carece de una base f\u00e1ctica y legal, viola gravemente las reglas de la OMC y socava la cooperaci\u00f3n global sobre el cambio clim\u00e1tico, indic\u00f3 la cartera.<\/p>\n\n\n\n<p>China ha instado a la UE a corregir de inmediato sus pr\u00e1cticas incorrectas y trabajar conjuntamente para proteger la estabilidad de la cooperaci\u00f3n econ\u00f3mica y comercial entre China y la UE, as\u00ed como las cadenas industriales y de suministros de veh\u00edculos el\u00e9ctricos, seg\u00fan la misma fuente.<\/p>\n\n\n\n<p>A principios de julio, la Comisi\u00f3n Europea impuso aranceles adicionales provisionales de hasta 37,6 por ciento a fabricantes chinos de veh\u00edculos el\u00e9ctricos de bater\u00eda.<\/p>\n\n\n\n<p>La comisi\u00f3n aleg\u00f3 que su decisi\u00f3n estuvo basada en una investigaci\u00f3n que supuestamente encontr\u00f3 que la cadena de valor china de los veh\u00edculos el\u00e9ctricos de bater\u00eda se beneficiaba de subvenciones, lo que supondr\u00eda un riesgo econ\u00f3mico para los productores de la UE.<\/p>\n\n\n\n<p><a href=\"https:\/\/www.facebook.com\/sharer\/sharer.php?u=https:\/\/spanish.xinhuanet.com\/20240809\/8ab59afaea7b448890ee7b5b3f4471d0\/c.html\" target=\"_blank\" rel=\"noreferrer noopener\"><\/a>&nbsp;<a href=\"https:\/\/twitter.com\/intent\/tweet?text=China%20presenta%20apelaci%C3%B3n%20ante%20OMC%20por%20aranceles%20de%20la%20UE%20a%20veh%C3%ADculos%20el%C3%A9ctricos&amp;url=https:\/\/spanish.xinhuanet.com\/20240809\/8ab59afaea7b448890ee7b5b3f4471d0\/c.html\" target=\"_blank\" rel=\"noreferrer noopener\"><\/a>&nbsp;<a target=\"_blank\" href=\"https:\/\/service.weibo.com\/share\/share.php?title=China%20presenta%20apelaci%C3%B3n%20ante%20OMC%20por%20aranceles%20de%20la%20UE%20a%20veh%C3%ADculos%20el%C3%A9ctricos&amp;url=https:\/\/spanish.xinhuanet.com\/20240809\/8ab59afaea7b448890ee7b5b3f4471d0\/c.html\" rel=\"noreferrer noopener\"><\/a>&nbsp;<a><\/a><\/p>\n\n\n\n<figure class=\"wp-block-image\"><img decoding=\"async\" src=\"https:\/\/imgs.news.cn\/res\/xhwimg\/spanish\/20170522\/img\/jc-xfa.png\" alt=\"\"\/><\/figure>\n\n\n","protected":false},"excerpt":{"rendered":"<p>spanish.news.cn|&nbsp;2024-08-09 20:35:46| BEIJING, 9 ago (Xinhua) &#8212; China present\u00f3 hoy viernes una apelaci\u00f3n ante la Organizaci\u00f3n Mundial del Comercio (OMC) para impugnar la imposici\u00f3n de aranceles adicionales provisionales a las importaciones de veh\u00edculos el\u00e9ctricos chinos por parte de la Uni\u00f3n Europea (UE). Para salvaguardar los derechos e intereses de desarrollo de la industria de los [&hellip;]<\/p>\n","protected":false},"author":28,"featured_media":0,"comment_status":"closed","ping_status":"closed","sticky":true,"template":"","format":"standard","meta":{"footnotes":""},"categories":[18,23],"tags":[],"class_list":["post-550988","post","type-post","status-publish","format-standard","hentry","category-economia","category-internacional"],"_links":{"self":[{"href":"https:\/\/diariodominicano.com\/index.php?rest_route=\/wp\/v2\/posts\/550988","targetHints":{"allow":["GET"]}}],"collection":[{"href":"https:\/\/diariodominicano.com\/index.php?rest_route=\/wp\/v2\/posts"}],"about":[{"href":"https:\/\/diariodominicano.com\/index.php?rest_route=\/wp\/v2\/types\/post"}],"author":[{"embeddable":true,"href":"https:\/\/diariodominicano.com\/index.php?rest_route=\/wp\/v2\/users\/28"}],"replies":[{"embeddable":true,"href":"https:\/\/diariodominicano.com\/index.php?rest_route=%2Fwp%2Fv2%2Fcomments&post=550988"}],"version-history":[{"count":1,"href":"https:\/\/diariodominicano.com\/index.php?rest_route=\/wp\/v2\/posts\/550988\/revisions"}],"predecessor-version":[{"id":550989,"href":"https:\/\/diariodominicano.com\/index.php?rest_route=\/wp\/v2\/posts\/550988\/revisions\/550989"}],"wp:attachment":[{"href":"https:\/\/diariodominicano.com\/index.php?rest_route=%2Fwp%2Fv2%2Fmedia&parent=550988"}],"wp:term":[{"taxonomy":"category","embeddable":true,"href":"https:\/\/diariodominicano.com\/index.php?rest_route=%2Fwp%2Fv2%2Fcategories&post=550988"},{"taxonomy":"post_tag","embeddable":true,"href":"https:\/\/diariodominicano.com\/index.php?rest_route=%2Fwp%2Fv2%2Ftags&post=550988"}],"curies":[{"name":"wp","href":"https:\/\/api.w.org\/{rel}","templated":true}]}}