{"id":550897,"date":"2024-08-09T22:28:41","date_gmt":"2024-08-10T02:28:41","guid":{"rendered":"https:\/\/diariodominicano.com\/?p=550897"},"modified":"2024-08-09T22:28:43","modified_gmt":"2024-08-10T02:28:43","slug":"decenas-de-fiscales-de-todo-el-pais-participan-en-jornada-formativa-sobre-el-derecho-de-autor","status":"publish","type":"post","link":"https:\/\/diariodominicano.com\/?p=550897","title":{"rendered":"Decenas de fiscales de todo el pa\u00eds participan en jornada formativa sobre el derecho de autor"},"content":{"rendered":"\n<p>La actividad, organizada por la Procuradur\u00eda General de la Rep\u00fablica, la Oficina Nacional de Derecho de Autor y las Sociedades de Gesti\u00f3n Colectiva, inici\u00f3 este viernes.<\/p>\n\n\n\n<p>Santo Domingo (R.D.), viernes, 9 de agosto de 2024.- Con el objetivo de fortalecer la persecuci\u00f3n de infracciones contra los derechos de autor en la Rep\u00fablica Dominicana, la Procuradur\u00eda General de la Rep\u00fablica (PGR) y la Oficina Nacional de Derechos de Autor (ONDA) inauguraron hoy el seminario \u201cObservancia en el Derecho de Autor y las Sociedades de Gesti\u00f3n Colectiva\u201d. Esta jornada formativa, que se extender\u00e1 hasta el 23 de agosto, incluye seis m\u00f3dulos de capacitaci\u00f3n, tanto presenciales como virtuales.<\/p>\n\n\n\n<p>La palabras de apertura del seminario estuvo a cargo del director general de la ONDA, Jos\u00e9 Rub\u00e9n Gonell Cosme; el procurador general de Corte de Apelaci\u00f3n, Jonathan Bar\u00f3 Guti\u00e9rrez, y Pochi Familia, en representaci\u00f3n de las Sociedades de Gesti\u00f3n Colectiva.<\/p>\n\n\n\n<p>En sus intervenciones, Gonell Cosme y Bar\u00f3 Guti\u00e9rrez resaltaron la importancia de la formaci\u00f3n en el fortalecimiento del conocimiento sobre los derechos exclusivos en derecho de autor, los tipos de obras, los l\u00edmites y excepciones, as\u00ed como el papel de la ONDA en la protecci\u00f3n de estos derechos.<\/p>\n\n\n\n<p>Valoraron que el pa\u00eds haya sido excluido de la lista de observancia 301 de Estados Unidos que fortalece la reputaci\u00f3n internacional de Rep\u00fablica Dominicana lo que se traduce a m\u00e1s inversi\u00f3n extranjera y una mejor\u00eda de la econom\u00eda dominicana.<\/p>\n\n\n\n<p>Y coincidieron que esa exclusi\u00f3n se debe a los esfuerzos coordinados de las instituciones del Estado y las Sociedades de Gesti\u00f3n Colectiva de Derechos de Autor y Derechos Conexos, y la propiedad intelectual en general.<\/p>\n\n\n\n<p>Explicaron que la jornada iniciada este viernes busca profundizar en la comprensi\u00f3n de los fiscales sobre el derecho de autor y los derechos conexos. El seminario est\u00e1 dise\u00f1ado para capacitar al personal del Ministerio P\u00fablico especializado en Propiedad Intelectual y Comercio Il\u00edcito, con el fin de mejorar la aplicaci\u00f3n de estos conocimientos en sus funciones.<\/p>\n\n\n\n<p>El seminario, cuyo primer m\u00f3dulo se desarroll\u00f3 en el Hotel Sheraton de Santo Domingo, consisti\u00f3 en un panel titulado \u201cImpacto de las Sociedades de Gesti\u00f3n Colectiva en la Industria Creativa y Cultural de la Rep\u00fablica Dominicana\u201d, en la que expusieron los artistas destacados como Mariano Lantigua-Aljadaqui, Silvio Mora, Cinthia Montero, H\u00e9ctor Pe\u00f1a y Henry Garc\u00eda, moderados por Valerio de Le\u00f3n, presidente de Sgacedom.<\/p>\n\n\n\n<p>Los m\u00f3dulos virtuales comenzar\u00e1n el martes 13 de agosto, con la presentaci\u00f3n de \u00c9dynson Alarc\u00f3n sobre \u201cEl autor y los derechos morales\u201d. El jueves 15 de agosto se abordar\u00e1 el \u201cMecanismo de acci\u00f3n del autor titular de la obra de arte ante la ONDA\u201d, con expertos de la ONDA como Melvin Pe\u00f1a y Meribel Moreta.<\/p>\n","protected":false},"excerpt":{"rendered":"<p>La actividad, organizada por la Procuradur\u00eda General de la Rep\u00fablica, la Oficina Nacional de Derecho de Autor y las Sociedades de Gesti\u00f3n Colectiva, inici\u00f3 este viernes. Santo Domingo (R.D.), viernes, 9 de agosto de 2024.- Con el objetivo de fortalecer la persecuci\u00f3n de infracciones contra los derechos de autor en la Rep\u00fablica Dominicana, la Procuradur\u00eda [&hellip;]<\/p>\n","protected":false},"author":7,"featured_media":501160,"comment_status":"closed","ping_status":"closed","sticky":false,"template":"","format":"standard","meta":{"footnotes":""},"categories":[24],"tags":[],"class_list":["post-550897","post","type-post","status-publish","format-standard","has-post-thumbnail","hentry","category-justicia-y-derecho"],"_links":{"self":[{"href":"https:\/\/diariodominicano.com\/index.php?rest_route=\/wp\/v2\/posts\/550897","targetHints":{"allow":["GET"]}}],"collection":[{"href":"https:\/\/diariodominicano.com\/index.php?rest_route=\/wp\/v2\/posts"}],"about":[{"href":"https:\/\/diariodominicano.com\/index.php?rest_route=\/wp\/v2\/types\/post"}],"author":[{"embeddable":true,"href":"https:\/\/diariodominicano.com\/index.php?rest_route=\/wp\/v2\/users\/7"}],"replies":[{"embeddable":true,"href":"https:\/\/diariodominicano.com\/index.php?rest_route=%2Fwp%2Fv2%2Fcomments&post=550897"}],"version-history":[{"count":1,"href":"https:\/\/diariodominicano.com\/index.php?rest_route=\/wp\/v2\/posts\/550897\/revisions"}],"predecessor-version":[{"id":550922,"href":"https:\/\/diariodominicano.com\/index.php?rest_route=\/wp\/v2\/posts\/550897\/revisions\/550922"}],"wp:featuredmedia":[{"embeddable":true,"href":"https:\/\/diariodominicano.com\/index.php?rest_route=\/wp\/v2\/media\/501160"}],"wp:attachment":[{"href":"https:\/\/diariodominicano.com\/index.php?rest_route=%2Fwp%2Fv2%2Fmedia&parent=550897"}],"wp:term":[{"taxonomy":"category","embeddable":true,"href":"https:\/\/diariodominicano.com\/index.php?rest_route=%2Fwp%2Fv2%2Fcategories&post=550897"},{"taxonomy":"post_tag","embeddable":true,"href":"https:\/\/diariodominicano.com\/index.php?rest_route=%2Fwp%2Fv2%2Ftags&post=550897"}],"curies":[{"name":"wp","href":"https:\/\/api.w.org\/{rel}","templated":true}]}}