{"id":550896,"date":"2024-08-09T22:06:44","date_gmt":"2024-08-10T02:06:44","guid":{"rendered":"https:\/\/diariodominicano.com\/?p=550896"},"modified":"2024-08-09T22:31:45","modified_gmt":"2024-08-10T02:31:45","slug":"inacif-avanza-en-un-60-el-proceso-de-identificacion-de-osamentas-encontradas-en-yola","status":"publish","type":"post","link":"https:\/\/diariodominicano.com\/?p=550896","title":{"rendered":"INACIF avanza en un 60% el proceso de identificaci\u00f3n de osamentas encontradas en yola"},"content":{"rendered":"\n<p>Autoridades iniciaron el proceso de solicitud de colaboraci\u00f3n internacional.<\/p>\n\n\n\n<p>Santo Domingo (R.D.) viernes, 09 de agosto de 2024. La directora general del Instituto Nacional de Ciencias Forenses (INACIF), Sonia Lebr\u00f3n, revel\u00f3 que la entidad ha avanzado hasta en un 60% el proceso de identificaci\u00f3n de los cuerpos esqueletizados encontrados en una embarcaci\u00f3n, tipo yola, a la deriva en la costa Norte de la Rep\u00fablica Dominicana.<\/p>\n\n\n\n<p>Lebr\u00f3n agreg\u00f3 que al proceso se sumaron especialistas de Santo Domingo y Santiago, que han realizado odontogramas, toma de muestras para an\u00e1lisis de ADN y otros estudios, pero que hasta el momento no se ha podido identificar a los fallecidos por medio de los m\u00e9todos habituales por la falta de informaci\u00f3n antemorten que imposibilita actuar con mayor agilidad.<\/p>\n\n\n\n<p>A\u00f1adi\u00f3 que, ante la dificultad que representa la falta de informaci\u00f3n el siguiente paso ser\u00e1 la identificaci\u00f3n de los cuerpos utilizando los datos obtenidos por los peritos forenses.<\/p>\n\n\n\n<p>En ese sentido, la directora del INACIF inform\u00f3 que, con la colaboraci\u00f3n de la Procuradur\u00eda General de la Rep\u00fablica (PGR), la Organizaci\u00f3n Internacional de la Polic\u00eda Criminal (INTERPOL) y del Ministerio de Relaciones Exteriores (MIREX) se inici\u00f3 un proceso para obtener la cooperaci\u00f3n internacional de Mali, Mauritania y Senegal, pa\u00edses de los que se presume provienen los cuerpos esqueletizados encontrados.<\/p>\n\n\n\n<p>Lebr\u00f3n explic\u00f3 que el objetivo de esta acci\u00f3n conjunta es obtener informaci\u00f3n de las autoridades de estos pa\u00edses y compararlas con Los resultados que arrojen las recolectadas por los peritos forenses del INACIF.<\/p>\n\n\n\n<p>Asimismo, enfatiz\u00f3 que es importante tener en cuenta que la identificaci\u00f3n total de las osamentas es un proceso que se puede tardar alrededor de un mes o m\u00e1s debido a la necesidad de recolecci\u00f3n de informaci\u00f3n y los procesos administrativos de cada pa\u00eds al que se le solicita informaci\u00f3n.<\/p>\n\n\n\n<p><strong>Sobre el hallazgo.<\/strong><\/p>\n\n\n\n<p>Las 14 osamentas fueron encontradas por pescadores de R\u00edo San Juan, el pasado martes, 06 de agosto de 2024, en la costa norte de la Rep\u00fablica Dominicana a bordo de una embarcaci\u00f3n que se encontraba a la deriva y que posteriormente fue llevada hasta la orilla donde se les dio aviso a las autoridades.<\/p>\n\n\n\n<p>Junto a las osamentas tambi\u00e9n fueron encontrados varios aparatos celulares e identificaciones de Senegal, por lo que se presume que la embarcaci\u00f3n sali\u00f3 de ese pa\u00eds, as\u00ed como, una mochila que conten\u00eda 12 paquetes de una sustancia que se presume puede tratarse de coca\u00edna o hero\u00edna y que tambi\u00e9n fue entregada al INACIF para los fines correspondientes.<\/p>\n\n\n\n<p>Comunicaciones PGR <a href=\"mailto:comunicaciones@pgr.gob.do\" target=\"_blank\" rel=\"noreferrer noopener\">comunicaciones@pgr.gob.do<\/a> <\/p>\n","protected":false},"excerpt":{"rendered":"<p>Autoridades iniciaron el proceso de solicitud de colaboraci\u00f3n internacional. Santo Domingo (R.D.) viernes, 09 de agosto de 2024. La directora general del Instituto Nacional de Ciencias Forenses (INACIF), Sonia Lebr\u00f3n, revel\u00f3 que la entidad ha avanzado hasta en un 60% el proceso de identificaci\u00f3n de los cuerpos esqueletizados encontrados en una embarcaci\u00f3n, tipo yola, a [&hellip;]<\/p>\n","protected":false},"author":7,"featured_media":550919,"comment_status":"closed","ping_status":"closed","sticky":false,"template":"","format":"standard","meta":{"footnotes":""},"categories":[24],"tags":[],"class_list":["post-550896","post","type-post","status-publish","format-standard","has-post-thumbnail","hentry","category-justicia-y-derecho"],"_links":{"self":[{"href":"https:\/\/diariodominicano.com\/index.php?rest_route=\/wp\/v2\/posts\/550896","targetHints":{"allow":["GET"]}}],"collection":[{"href":"https:\/\/diariodominicano.com\/index.php?rest_route=\/wp\/v2\/posts"}],"about":[{"href":"https:\/\/diariodominicano.com\/index.php?rest_route=\/wp\/v2\/types\/post"}],"author":[{"embeddable":true,"href":"https:\/\/diariodominicano.com\/index.php?rest_route=\/wp\/v2\/users\/7"}],"replies":[{"embeddable":true,"href":"https:\/\/diariodominicano.com\/index.php?rest_route=%2Fwp%2Fv2%2Fcomments&post=550896"}],"version-history":[{"count":1,"href":"https:\/\/diariodominicano.com\/index.php?rest_route=\/wp\/v2\/posts\/550896\/revisions"}],"predecessor-version":[{"id":550920,"href":"https:\/\/diariodominicano.com\/index.php?rest_route=\/wp\/v2\/posts\/550896\/revisions\/550920"}],"wp:featuredmedia":[{"embeddable":true,"href":"https:\/\/diariodominicano.com\/index.php?rest_route=\/wp\/v2\/media\/550919"}],"wp:attachment":[{"href":"https:\/\/diariodominicano.com\/index.php?rest_route=%2Fwp%2Fv2%2Fmedia&parent=550896"}],"wp:term":[{"taxonomy":"category","embeddable":true,"href":"https:\/\/diariodominicano.com\/index.php?rest_route=%2Fwp%2Fv2%2Fcategories&post=550896"},{"taxonomy":"post_tag","embeddable":true,"href":"https:\/\/diariodominicano.com\/index.php?rest_route=%2Fwp%2Fv2%2Ftags&post=550896"}],"curies":[{"name":"wp","href":"https:\/\/api.w.org\/{rel}","templated":true}]}}