{"id":550894,"date":"2024-08-09T21:27:31","date_gmt":"2024-08-10T01:27:31","guid":{"rendered":"https:\/\/diariodominicano.com\/?p=550894"},"modified":"2024-08-09T22:32:26","modified_gmt":"2024-08-10T02:32:26","slug":"condenan-hombre-que-agredio-fisicamente-a-otro-en-monte-plata","status":"publish","type":"post","link":"https:\/\/diariodominicano.com\/?p=550894","title":{"rendered":"Condenan hombre que agredi\u00f3 f\u00edsicamente a otro en Monte Plata"},"content":{"rendered":"\n<p>Monte Plata (R.D.) Viernes, 9 de agosto de 2024. La Fiscal\u00eda de Monte Plata obtuvo una sentencia condenatoria de cinco a\u00f1os de prisi\u00f3n en contra de un hombre que el pasado a\u00f1o agredi\u00f3 f\u00edsicamente a otro con un arma blanca en momentos en que la v\u00edctima se encontraba en un colmado del municipio Bayaguana.<\/p>\n\n\n\n<p>El Tribunal Colegiado de Monte Plata dict\u00f3 la sentencia contra F\u00e9lix Gabriel Brito Guaba, de 25 a\u00f1os de edad, por las heridas de arma blanca causadas a Raymer Rafael Hern\u00e1ndez, de 21 a\u00f1os.<\/p>\n\n\n\n<p>El Ministerio P\u00fablico relata en el expediente, que, sin mediar palabras, Brito Guaba aprovech\u00f3 que Hern\u00e1ndez se encontraba en el negocio para atacarlo con un machete con el que le lanz\u00f3 a la cabeza, y, cuando la v\u00edctima trataba de protegerse, recibi\u00f3 heridas en la mano izquierda y una oreja. Luego del hecho el agresor emprendi\u00f3 la huida.<\/p>\n\n\n\n<p>Un certificado m\u00e9dico legal, del 26 de abril de 2023, se\u00f1ala que producto de la agresi\u00f3n Hern\u00e1ndez result\u00f3 con lesi\u00f3n branquial, herida en regi\u00f3n preauricular izquierda y edema y abrasi\u00f3n en pabell\u00f3n auricular del lado izquierdo.<\/p>\n\n\n\n<p>Seg\u00fan se estableci\u00f3 en el juicio, el caso sucedi\u00f3 sin que previamente ambos tuvieran conflictos.<\/p>\n\n\n\n<p>El fiscal Jos\u00e9 del Carmen Garc\u00eda Hern\u00e1ndez present\u00f3 la acusaci\u00f3n que fue acogida por los jueces Hilda Nieves S\u00e1nchez Luna (presidenta del tribunal), Isa\u00edas Ronaldo Mart\u00ednez P\u00e9rez y Carmen Daniela Araujo Rivas, quienes dictaron la sentencia condenatoria y ordenaron su cumplimiento en el Centro de Correcci\u00f3n y Rehabilitaci\u00f3n de Monte Plata.<\/p>\n\n\n\n<p>Brito Guaba fue declarado culpable de violar los art\u00edculos 309 y 310 del C\u00f3digo Penal Dominicano.<\/p>\n\n\n\n<p>Comunicaciones PGR <a href=\"mailto:comunicaciones@pgr.gob.do\" target=\"_blank\" rel=\"noreferrer noopener\">comunicaciones@pgr.gob.do<\/a> <\/p>\n","protected":false},"excerpt":{"rendered":"<p>Monte Plata (R.D.) Viernes, 9 de agosto de 2024. La Fiscal\u00eda de Monte Plata obtuvo una sentencia condenatoria de cinco a\u00f1os de prisi\u00f3n en contra de un hombre que el pasado a\u00f1o agredi\u00f3 f\u00edsicamente a otro con un arma blanca en momentos en que la v\u00edctima se encontraba en un colmado del municipio Bayaguana. El [&hellip;]<\/p>\n","protected":false},"author":7,"featured_media":367901,"comment_status":"closed","ping_status":"closed","sticky":false,"template":"","format":"standard","meta":{"footnotes":""},"categories":[24],"tags":[],"class_list":["post-550894","post","type-post","status-publish","format-standard","has-post-thumbnail","hentry","category-justicia-y-derecho"],"_links":{"self":[{"href":"https:\/\/diariodominicano.com\/index.php?rest_route=\/wp\/v2\/posts\/550894","targetHints":{"allow":["GET"]}}],"collection":[{"href":"https:\/\/diariodominicano.com\/index.php?rest_route=\/wp\/v2\/posts"}],"about":[{"href":"https:\/\/diariodominicano.com\/index.php?rest_route=\/wp\/v2\/types\/post"}],"author":[{"embeddable":true,"href":"https:\/\/diariodominicano.com\/index.php?rest_route=\/wp\/v2\/users\/7"}],"replies":[{"embeddable":true,"href":"https:\/\/diariodominicano.com\/index.php?rest_route=%2Fwp%2Fv2%2Fcomments&post=550894"}],"version-history":[{"count":3,"href":"https:\/\/diariodominicano.com\/index.php?rest_route=\/wp\/v2\/posts\/550894\/revisions"}],"predecessor-version":[{"id":550925,"href":"https:\/\/diariodominicano.com\/index.php?rest_route=\/wp\/v2\/posts\/550894\/revisions\/550925"}],"wp:featuredmedia":[{"embeddable":true,"href":"https:\/\/diariodominicano.com\/index.php?rest_route=\/wp\/v2\/media\/367901"}],"wp:attachment":[{"href":"https:\/\/diariodominicano.com\/index.php?rest_route=%2Fwp%2Fv2%2Fmedia&parent=550894"}],"wp:term":[{"taxonomy":"category","embeddable":true,"href":"https:\/\/diariodominicano.com\/index.php?rest_route=%2Fwp%2Fv2%2Fcategories&post=550894"},{"taxonomy":"post_tag","embeddable":true,"href":"https:\/\/diariodominicano.com\/index.php?rest_route=%2Fwp%2Fv2%2Ftags&post=550894"}],"curies":[{"name":"wp","href":"https:\/\/api.w.org\/{rel}","templated":true}]}}