{"id":550892,"date":"2024-08-09T20:42:47","date_gmt":"2024-08-10T00:42:47","guid":{"rendered":"https:\/\/diariodominicano.com\/?p=550892"},"modified":"2024-08-09T20:50:57","modified_gmt":"2024-08-10T00:50:57","slug":"mp-obtiene-condenas-de-siete-y-cinco-anos-en-contra-de-cuatro-hombres-que-se-asociaron-para-cometer-robo","status":"publish","type":"post","link":"https:\/\/diariodominicano.com\/?p=550892","title":{"rendered":"MP obtiene condenas de siete y cinco a\u00f1os en contra de cuatro hombres que se asociaron para cometer robo"},"content":{"rendered":"\n<p> <strong>SAN CRIST\u00d3BAL (Rep\u00fablica Dominicana).-<\/strong>\u00a0El Ministerio P\u00fablico de este distrito judicial logr\u00f3 condenas de siete y cinco a\u00f1os en contra de cuatro hombres que se constituyeron en asociaci\u00f3n de malhechores para cometer robo en la comunidad de Sabana Toro, de esta provincia.<\/p>\n\n\n\n<p>El Tribunal Colegiado de esta jurisdicci\u00f3n, integrado por las juezas Bi\u00falkis Milan\u00e9s, Rosa Mateo y Chadalis del Rosario, dict\u00f3 una condena de siete a\u00f1os de prisi\u00f3n en contra Junior M\u00e9ndez de la Rosa, y de cinco a\u00f1os en contra de Robert Luis Santana, \u00c1ngel Moreno Dipr\u00e9 Do\u00f1\u00e9 y Andr\u00e9s Marte Cabral, quienes se asociaron para robar a mano armada a las v\u00edctimas Karina Rodr\u00edguez Toledo, Juan Francisco Fructuoso Ort\u00edz y Juan Franco Romero.<\/p>\n\n\n\n<p>El Ministerio P\u00fablico, representado por los fiscales Juana Francisca Montas y Aurelina Cuevas Rom\u00e1n, mostr\u00f3 al tribunal como las acciones de estos malhechores constituyen una violaci\u00f3n a las normas establecidas en los art\u00edculos 265, 266, 379, 383 y 384 del C\u00f3digo Penal Dominicano y los art\u00edculos 66 y 67 de la Ley 631-16, sobre armas, municiones y materiales relacionados.<\/p>\n\n\n\n<p>Los hechos se produjeron el 4 de febrero del a\u00f1o 2023, cuando Rodr\u00edguez Toledo y Fructuoso Ortiz regresaban de sus trabajos, alrededor de la 01:40 de la madrugada, cuando fueron interceptados por los malhechores, quienes los rodearon, mientras M\u00e9ndez de la Rosa, con un arma de fuego en mano, tipo pistola, calibre 3.80 de color plateado, marca Pietro Beretta, despoj\u00f3 a las v\u00edctimas de sus celulares, tarjetas de d\u00e9bito, cuatrocientos pesos en efectivo, y un cheque por el monto de seis mil quinientos pesos, y se marcharon del lugar.<\/p>\n\n\n\n<p>Tras cometer este primer robo, los hoy procesados se trasladaron a la zona perif\u00e9rica de Sabana Toro, donde est\u00e1 ubicado un colmado propiedad de Franco Romero, al cual ingresaron, luego de romper la cerradura, sustrayendo diversos productos de los comercializados en el lugar.<\/p>\n\n\n\n<p>Al arrestar a los malhechores, las autoridades lograron parte de los productos robados, siendo devueltos a la v\u00edctima.<\/p>\n\n\n\n<p>Por decisi\u00f3n del tribunal, M\u00e9ndez de la Rosa y Dipr\u00e9 Do\u00f1\u00e9 cumplir\u00e1n la sentencia en el Centro de Correcci\u00f3n y Rehabilitaci\u00f3n Najayo Hombres, mientras que Marte Cabral y Santos, lo har\u00e1n en la Penitenciar\u00eda Nacional de La Victoria.<\/p>\n\n\n\n<p><strong>Direcci\u00f3n General de Comunicaci\u00f3n, Prensa, y RRPP<\/strong><strong><\/strong><\/p>\n\n\n\n<p>Ministerio P\u00fablico.&nbsp;R.D.<\/p>\n","protected":false},"excerpt":{"rendered":"<p>SAN CRIST\u00d3BAL (Rep\u00fablica Dominicana).-\u00a0El Ministerio P\u00fablico de este distrito judicial logr\u00f3 condenas de siete y cinco a\u00f1os en contra de cuatro hombres que se constituyeron en asociaci\u00f3n de malhechores para cometer robo en la comunidad de Sabana Toro, de esta provincia. El Tribunal Colegiado de esta jurisdicci\u00f3n, integrado por las juezas Bi\u00falkis Milan\u00e9s, Rosa Mateo [&hellip;]<\/p>\n","protected":false},"author":7,"featured_media":495896,"comment_status":"closed","ping_status":"closed","sticky":false,"template":"","format":"standard","meta":{"footnotes":""},"categories":[24],"tags":[],"class_list":["post-550892","post","type-post","status-publish","format-standard","has-post-thumbnail","hentry","category-justicia-y-derecho"],"_links":{"self":[{"href":"https:\/\/diariodominicano.com\/index.php?rest_route=\/wp\/v2\/posts\/550892","targetHints":{"allow":["GET"]}}],"collection":[{"href":"https:\/\/diariodominicano.com\/index.php?rest_route=\/wp\/v2\/posts"}],"about":[{"href":"https:\/\/diariodominicano.com\/index.php?rest_route=\/wp\/v2\/types\/post"}],"author":[{"embeddable":true,"href":"https:\/\/diariodominicano.com\/index.php?rest_route=\/wp\/v2\/users\/7"}],"replies":[{"embeddable":true,"href":"https:\/\/diariodominicano.com\/index.php?rest_route=%2Fwp%2Fv2%2Fcomments&post=550892"}],"version-history":[{"count":1,"href":"https:\/\/diariodominicano.com\/index.php?rest_route=\/wp\/v2\/posts\/550892\/revisions"}],"predecessor-version":[{"id":550898,"href":"https:\/\/diariodominicano.com\/index.php?rest_route=\/wp\/v2\/posts\/550892\/revisions\/550898"}],"wp:featuredmedia":[{"embeddable":true,"href":"https:\/\/diariodominicano.com\/index.php?rest_route=\/wp\/v2\/media\/495896"}],"wp:attachment":[{"href":"https:\/\/diariodominicano.com\/index.php?rest_route=%2Fwp%2Fv2%2Fmedia&parent=550892"}],"wp:term":[{"taxonomy":"category","embeddable":true,"href":"https:\/\/diariodominicano.com\/index.php?rest_route=%2Fwp%2Fv2%2Fcategories&post=550892"},{"taxonomy":"post_tag","embeddable":true,"href":"https:\/\/diariodominicano.com\/index.php?rest_route=%2Fwp%2Fv2%2Ftags&post=550892"}],"curies":[{"name":"wp","href":"https:\/\/api.w.org\/{rel}","templated":true}]}}