{"id":550818,"date":"2024-08-09T12:22:32","date_gmt":"2024-08-09T16:22:32","guid":{"rendered":"https:\/\/diariodominicano.com\/?p=550818"},"modified":"2024-08-09T12:22:39","modified_gmt":"2024-08-09T16:22:39","slug":"pn-captura-tercer-implicado-en-robo-millonario-cometido-en-villa-olga-santiago","status":"publish","type":"post","link":"https:\/\/diariodominicano.com\/?p=550818","title":{"rendered":"PN Captura tercer implicado en robo millonario cometido en Villa Olga Santiago"},"content":{"rendered":"\n<p>diariodominicano.com<\/p>\n\n\n\n<p><strong>Santiago,<\/strong>\u2002<strong>R. D.,<\/strong><strong> 9 de agosto 2024.<\/strong>\u00a0En seguimiento a la investigaci\u00f3n con relaci\u00f3n al robo millonario de prendas cometido en el sector Villa Olga de esta ciudad, el d\u00eda 6 de julio del a\u00f1o en curso, fue capturado un tercer implicado en dicho hecho por agentes policiales adscritos a la Direcci\u00f3n Central de Investigaci\u00f3n (DICRIM), de servicio en la supervisoria\u00a0\u00a0 Junta de los dos Caminos de esta ciudad, en coordinaci\u00f3n con miembros pertenecientes a Santo Domingo Norte.<\/p>\n\n\n\n<p>El detenido Joel Castellano Lora (a) \u201cEl Flaco y\/o Oreja\u201d de 34 a\u00f1os, residente en el sector S\u00e1bana Perdida de Santo Domingo Norte. El mismo era buscado mediante la orden de arresto No. AJ0009653-2024, al ser cuestionado, por las autoridades admiti\u00f3 haber participado en el robo.<\/p>\n\n\n\n<p>Por este hecho, ya fueron sometidos F\u00e9lix Ransel Jim\u00e9nez, alias \u201cRancel y\/o Aero\u201d y Jhoan Antonio Santana S\u00e1nchez. Mientras que Castellano Lora fue enviado al Ministerio P\u00fablico para el procedimiento legal correspondiente.<\/p>\n\n\n\n<p>Nuestros agentes persiguen activamente a los dem\u00e1s implicados mediante \u00f3rdenes judiciales, con el fin de arrestarlos y que respondan por el hecho que se le imputa, a quienes adem\u00e1s, se les hace un llamado de entrega por la v\u00eda que consideren pertinente.<\/p>\n\n\n\n<p><strong>OFICINA DE INFORMACI\u00d3N Y COMUNICACIONES ESTRAT\u00c9GICAS DE LA POLIC\u00cdA NACIONAL DIRECCI\u00d3N REGIONAL CIBAO CENTRAL<\/strong><\/p>\n","protected":false},"excerpt":{"rendered":"<p>diariodominicano.com Santiago,\u2002R. D., 9 de agosto 2024.\u00a0En seguimiento a la investigaci\u00f3n con relaci\u00f3n al robo millonario de prendas cometido en el sector Villa Olga de esta ciudad, el d\u00eda 6 de julio del a\u00f1o en curso, fue capturado un tercer implicado en dicho hecho por agentes policiales adscritos a la Direcci\u00f3n Central de Investigaci\u00f3n (DICRIM), [&hellip;]<\/p>\n","protected":false},"author":5,"featured_media":550821,"comment_status":"closed","ping_status":"closed","sticky":true,"template":"","format":"standard","meta":{"footnotes":""},"categories":[24,27],"tags":[],"class_list":["post-550818","post","type-post","status-publish","format-standard","has-post-thumbnail","hentry","category-justicia-y-derecho","category-portada"],"_links":{"self":[{"href":"https:\/\/diariodominicano.com\/index.php?rest_route=\/wp\/v2\/posts\/550818","targetHints":{"allow":["GET"]}}],"collection":[{"href":"https:\/\/diariodominicano.com\/index.php?rest_route=\/wp\/v2\/posts"}],"about":[{"href":"https:\/\/diariodominicano.com\/index.php?rest_route=\/wp\/v2\/types\/post"}],"author":[{"embeddable":true,"href":"https:\/\/diariodominicano.com\/index.php?rest_route=\/wp\/v2\/users\/5"}],"replies":[{"embeddable":true,"href":"https:\/\/diariodominicano.com\/index.php?rest_route=%2Fwp%2Fv2%2Fcomments&post=550818"}],"version-history":[{"count":1,"href":"https:\/\/diariodominicano.com\/index.php?rest_route=\/wp\/v2\/posts\/550818\/revisions"}],"predecessor-version":[{"id":550823,"href":"https:\/\/diariodominicano.com\/index.php?rest_route=\/wp\/v2\/posts\/550818\/revisions\/550823"}],"wp:featuredmedia":[{"embeddable":true,"href":"https:\/\/diariodominicano.com\/index.php?rest_route=\/wp\/v2\/media\/550821"}],"wp:attachment":[{"href":"https:\/\/diariodominicano.com\/index.php?rest_route=%2Fwp%2Fv2%2Fmedia&parent=550818"}],"wp:term":[{"taxonomy":"category","embeddable":true,"href":"https:\/\/diariodominicano.com\/index.php?rest_route=%2Fwp%2Fv2%2Fcategories&post=550818"},{"taxonomy":"post_tag","embeddable":true,"href":"https:\/\/diariodominicano.com\/index.php?rest_route=%2Fwp%2Fv2%2Ftags&post=550818"}],"curies":[{"name":"wp","href":"https:\/\/api.w.org\/{rel}","templated":true}]}}