{"id":550653,"date":"2024-08-08T14:59:53","date_gmt":"2024-08-08T18:59:53","guid":{"rendered":"https:\/\/diariodominicano.com\/?p=550653"},"modified":"2024-08-08T14:59:59","modified_gmt":"2024-08-08T18:59:59","slug":"en-monte-plata-dictan-20-anos-de-prision-contra-hombre-que-perpetro-asaltos-a-mano-armada","status":"publish","type":"post","link":"https:\/\/diariodominicano.com\/?p=550653","title":{"rendered":"En Monte Plata dictan 20 a\u00f1os de prisi\u00f3n contra hombre que perpetr\u00f3 asaltos a mano armada"},"content":{"rendered":"\n<p>diariodominicano.com<\/p>\n\n\n\n<p>Monte Plata, R. D.,\u20028 de agosto de 2024. Fue condenado a 20 a\u00f1os de prisi\u00f3n un hombre acusado por el Ministerio P\u00fablico de despojar de sus pertenencias a dos mujeres, durante asaltos a mano armada cometidos en el municipio Bayaguana, en el a\u00f1o 2022.<\/p>\n\n\n\n<p>El Tribunal Colegiado de Monte Plata dispuso contra el acusado Abel Figuereo (Minino) el cumplimiento de la pena privativa de libertad en la Penitenciar\u00eda Nacional de La Victoria, en Santo Domingo Norte, y el pago de una indemnizaci\u00f3n de RD$100 mil a una de las v\u00edctimas.<\/p>\n\n\n\n<p>Sobre los hechos, la acusaci\u00f3n p\u00fablica presentada por el fiscal de esta jurisdicci\u00f3n, Jos\u00e9 del Carmen Garc\u00eda Hern\u00e1ndez, se\u00f1ala que los hechos ocurrieron alrededor de las 5:00 de la madrugada del 13 de mayo de 2022, en momentos en que las v\u00edctimas se dirig\u00edan a una estaci\u00f3n de autobuses del transporte de pasajeros hacia Santo Domingo. El procesado cometi\u00f3 los atracos con un arma blanca.<\/p>\n\n\n\n<p>Una de las mujeres, la primera que fue asaltada, fue despojada de una cartera que conten\u00eda 600 pesos, documentos personales y un tel\u00e9fono celular.<\/p>\n\n\n\n<p>Mientras que, la otra v\u00edctima, tras presenciar la acci\u00f3n delictiva, se asust\u00f3 y sali\u00f3 corriendo, procediendo el atracador a perseguirla, y, luego que la alcanz\u00f3, le sustrajo una cartera que ten\u00eda en su interior la cantidad de 27,000 mil pesos, documentos y objetos personales, tarjetas bancarias y dos tel\u00e9fonos celulares.<\/p>\n\n\n\n<p>Los jueces Hilda Nieves S\u00e1nchez Luna (presidenta del tribunal), Isa\u00edas Ronaldo Mart\u00ednez P\u00e9rez y Carmen Daniela Araujo Rivas, dictaron la sentencia condenatoria con base en las pruebas aportadas por el \u00f3rgano acusador, las cuales les permitieron establecer que Figuereo viol\u00f3 las disposiciones contenidas en los art\u00edculos 309, 379, 382 y 383 del C\u00f3digo Penal Dominicano.<\/p>\n\n\n\n<p><strong>Comunicaciones PGR<\/strong><\/p>\n","protected":false},"excerpt":{"rendered":"<p>diariodominicano.com Monte Plata, R. D.,\u20028 de agosto de 2024. Fue condenado a 20 a\u00f1os de prisi\u00f3n un hombre acusado por el Ministerio P\u00fablico de despojar de sus pertenencias a dos mujeres, durante asaltos a mano armada cometidos en el municipio Bayaguana, en el a\u00f1o 2022. El Tribunal Colegiado de Monte Plata dispuso contra el acusado [&hellip;]<\/p>\n","protected":false},"author":5,"featured_media":367901,"comment_status":"closed","ping_status":"closed","sticky":true,"template":"","format":"standard","meta":{"footnotes":""},"categories":[24,27],"tags":[],"class_list":["post-550653","post","type-post","status-publish","format-standard","has-post-thumbnail","hentry","category-justicia-y-derecho","category-portada"],"_links":{"self":[{"href":"https:\/\/diariodominicano.com\/index.php?rest_route=\/wp\/v2\/posts\/550653","targetHints":{"allow":["GET"]}}],"collection":[{"href":"https:\/\/diariodominicano.com\/index.php?rest_route=\/wp\/v2\/posts"}],"about":[{"href":"https:\/\/diariodominicano.com\/index.php?rest_route=\/wp\/v2\/types\/post"}],"author":[{"embeddable":true,"href":"https:\/\/diariodominicano.com\/index.php?rest_route=\/wp\/v2\/users\/5"}],"replies":[{"embeddable":true,"href":"https:\/\/diariodominicano.com\/index.php?rest_route=%2Fwp%2Fv2%2Fcomments&post=550653"}],"version-history":[{"count":1,"href":"https:\/\/diariodominicano.com\/index.php?rest_route=\/wp\/v2\/posts\/550653\/revisions"}],"predecessor-version":[{"id":550654,"href":"https:\/\/diariodominicano.com\/index.php?rest_route=\/wp\/v2\/posts\/550653\/revisions\/550654"}],"wp:featuredmedia":[{"embeddable":true,"href":"https:\/\/diariodominicano.com\/index.php?rest_route=\/wp\/v2\/media\/367901"}],"wp:attachment":[{"href":"https:\/\/diariodominicano.com\/index.php?rest_route=%2Fwp%2Fv2%2Fmedia&parent=550653"}],"wp:term":[{"taxonomy":"category","embeddable":true,"href":"https:\/\/diariodominicano.com\/index.php?rest_route=%2Fwp%2Fv2%2Fcategories&post=550653"},{"taxonomy":"post_tag","embeddable":true,"href":"https:\/\/diariodominicano.com\/index.php?rest_route=%2Fwp%2Fv2%2Ftags&post=550653"}],"curies":[{"name":"wp","href":"https:\/\/api.w.org\/{rel}","templated":true}]}}