{"id":550548,"date":"2024-08-08T01:08:59","date_gmt":"2024-08-08T05:08:59","guid":{"rendered":"https:\/\/diariodominicano.com\/?p=550548"},"modified":"2024-08-08T01:12:58","modified_gmt":"2024-08-08T05:12:58","slug":"tsa-acoge-amparo-del-colegio-de-abogados-y-ordena-a-minerd-ensenanza-de-la-constitucion-del-medio-ambiente-y-seguridad-vial-en-centros-educativos","status":"publish","type":"post","link":"https:\/\/diariodominicano.com\/?p=550548","title":{"rendered":"TSA acoge Amparo del Colegio de Abogados y ordena a Minerd ense\u00f1anza de la Constituci\u00f3n, del medio ambiente y seguridad vial en centros educativos"},"content":{"rendered":"\n<p>La Quinta Sala del Tribunal Superior Administrativo mediante sentencia nu\u0301m. 0030-1643-2024-SSEN-00573, orden\u00f3 al Ministerio de Educaci\u00f3n disponer y garantizar la ense\u00f1anza de la Constituci\u00f3n, del medio ambiente y de educaci\u00f3n vial en todas los Escuelas P\u00fablicas y Colegios Privados de la Naci\u00f3n, cuyo mandato tambi\u00e9n es extensivo a los centros educativos t\u00e9cnicos y universidades del pa\u00eds, en cumplimiento a los art\u00edculos 63.13 de la Constituci\u00f3n, 271.1 de la Ley nu\u0301m. 63-17, el 57 de la Ley 64-00 y la Ley 94-20, acogiendo una acci\u00f3n de amparo de cumplimiento interpuesta por el Colegio de Abogados de la Rep\u00fablica Dominicana (CARD).<\/p>\n\n\n\n<p>El presidente del CARD, Trajano Potentini, calific\u00f3 la sentencia de transcendental para la institucionalidad democr\u00e1tica de la Rep\u00fablica Dominicana, que torna compulsivo la obediencia del mandato constitucional, que dispone ense\u00f1anza de la Constituci\u00f3n en las escuelas, el cual se hab\u00eda constituido en uno de los mandatos sin cumplir de la Carta Magna aprobada el 26 de enero de 2010, pese a los persistentes reclamos del Tribunal Constitucional y entidades de la sociedad civil para que se acate esa disposici\u00f3n.<\/p>\n\n\n\n<p>Potentini, record\u00f3 que el referido mandato del art\u00edculo 63, numeral 13, de la Constituci\u00f3n, referente al Derecho a la Educaci\u00f3n, textualmente dice \u201cCon la finalidad de formar ciudadanas y ciudadanos conscientes de sus derechos y deberes, en todas las instituciones de educaci\u00f3n p\u00fablica y privada, ser\u00e1n obligatorias la instrucci\u00f3n en la formaci\u00f3n social y c\u00edvica, la ense\u00f1anza de la Constituci\u00f3n, de los derechos y garant\u00edas fundamentales, de los valores patrios y de los principios de convivencia pac\u00edfica\u201d.<\/p>\n\n\n\n<p>En esa direcci\u00f3n, se encuentran las disposiciones relativas al Tr\u00e1nsito Terrestre y al Medio Ambiente, pues aparte de que precisamente por una ausencia de educaci\u00f3n en materia vial somos uno de los Pa\u00edses con mayores tasas de accidente viales, tambi\u00e9n con mayores tasas de depredaci\u00f3n en nuestros bosques, precisamente por falta de formaci\u00f3n en esas materias.<\/p>\n\n\n\n<p>Esperamos que el Ministerio de Educaci\u00f3n (Minerd), pese a contar por mandato expreso de la sentencia, con un a\u00f1o como fecha l\u00edmite, para disponer todo lo necesario para concretar las referidas obligaciones, inicie sin dilaci\u00f3n alguna los preparativos tendentes a cumplir la sentencia.<\/p>\n\n\n\n<p>La sentencia tambi\u00e9n pone a cargo del colegio de abogados, el diligenciar y gestionar, frente al Instituto Nacional de Tr\u00e1nsito y Transporte Terrestre INTRANT y Procuradur\u00eda General de la Rep\u00fablica lo referente a la educaci\u00f3n vial, as\u00ed como dar seguimiento frente a otras instituciones para velar por el fiel cumplimiento de la sentencia.<\/p>\n\n\n\n<p>Finalmente, el CARD lament\u00f3 el que la sentencia no hiciera mandatorio la incorporaci\u00f3n de los abogados como destinatarios naturales de las ense\u00f1anzas de la Constituci\u00f3n, del medio ambiente y de educaci\u00f3n vial en todos los centros educativos del pa\u00eds, en cuya virtud anuncia el gremio, que la lucha continuar\u00e1 por ente el mismo Tribunal Superior Administrativo, ahora con un amparo ordinario, para garantizar y hacer efectivo el reconocimiento de los derechos fundamentales de los abogados a la igualdad, al trabajo y la no discriminaci\u00f3n, como pasa en la actualidad en el ministerio de educaci\u00f3n, con trabas e impedimentos, que nos ubican como los \u00fanicos profesionales que no podemos participar en concurso de oposici\u00f3n para impartir docencia en las escuelas.<\/p>\n\n\n\n<p>DIRECCI\u00d3N DE COMUNICACIONES<\/p>\n","protected":false},"excerpt":{"rendered":"<p>La Quinta Sala del Tribunal Superior Administrativo mediante sentencia nu\u0301m. 0030-1643-2024-SSEN-00573, orden\u00f3 al Ministerio de Educaci\u00f3n disponer y garantizar la ense\u00f1anza de la Constituci\u00f3n, del medio ambiente y de educaci\u00f3n vial en todas los Escuelas P\u00fablicas y Colegios Privados de la Naci\u00f3n, cuyo mandato tambi\u00e9n es extensivo a los centros educativos t\u00e9cnicos y universidades del [&hellip;]<\/p>\n","protected":false},"author":7,"featured_media":512596,"comment_status":"closed","ping_status":"closed","sticky":false,"template":"","format":"standard","meta":{"footnotes":""},"categories":[24],"tags":[],"class_list":["post-550548","post","type-post","status-publish","format-standard","has-post-thumbnail","hentry","category-justicia-y-derecho"],"_links":{"self":[{"href":"https:\/\/diariodominicano.com\/index.php?rest_route=\/wp\/v2\/posts\/550548","targetHints":{"allow":["GET"]}}],"collection":[{"href":"https:\/\/diariodominicano.com\/index.php?rest_route=\/wp\/v2\/posts"}],"about":[{"href":"https:\/\/diariodominicano.com\/index.php?rest_route=\/wp\/v2\/types\/post"}],"author":[{"embeddable":true,"href":"https:\/\/diariodominicano.com\/index.php?rest_route=\/wp\/v2\/users\/7"}],"replies":[{"embeddable":true,"href":"https:\/\/diariodominicano.com\/index.php?rest_route=%2Fwp%2Fv2%2Fcomments&post=550548"}],"version-history":[{"count":1,"href":"https:\/\/diariodominicano.com\/index.php?rest_route=\/wp\/v2\/posts\/550548\/revisions"}],"predecessor-version":[{"id":550549,"href":"https:\/\/diariodominicano.com\/index.php?rest_route=\/wp\/v2\/posts\/550548\/revisions\/550549"}],"wp:featuredmedia":[{"embeddable":true,"href":"https:\/\/diariodominicano.com\/index.php?rest_route=\/wp\/v2\/media\/512596"}],"wp:attachment":[{"href":"https:\/\/diariodominicano.com\/index.php?rest_route=%2Fwp%2Fv2%2Fmedia&parent=550548"}],"wp:term":[{"taxonomy":"category","embeddable":true,"href":"https:\/\/diariodominicano.com\/index.php?rest_route=%2Fwp%2Fv2%2Fcategories&post=550548"},{"taxonomy":"post_tag","embeddable":true,"href":"https:\/\/diariodominicano.com\/index.php?rest_route=%2Fwp%2Fv2%2Ftags&post=550548"}],"curies":[{"name":"wp","href":"https:\/\/api.w.org\/{rel}","templated":true}]}}