{"id":550440,"date":"2024-08-07T08:31:36","date_gmt":"2024-08-07T12:31:36","guid":{"rendered":"https:\/\/diariodominicano.com\/?p=550440"},"modified":"2024-08-07T08:31:48","modified_gmt":"2024-08-07T12:31:48","slug":"imponen-prision-preventiva-a-hombre-imputado-de-falsificar-certificaciones-de-no-antecedentes-penales-2","status":"publish","type":"post","link":"https:\/\/diariodominicano.com\/?p=550440","title":{"rendered":"Imponen prisi\u00f3n preventiva a hombre imputado de falsificar certificaciones de no antecedentes penales"},"content":{"rendered":"\n<p>diariodominicano.com<\/p>\n\n\n\n<p>M<strong>ontecristi,<\/strong>\u2002<strong>R. D.,<\/strong>\u2002<strong>7 de agosto, 2024.-<\/strong>\u00a0El Ministerio P\u00fablico logr\u00f3 la imposici\u00f3n de tres meses de prisi\u00f3n preventiva, como medida de coerci\u00f3n, en contra de un hombre, a quien le imputa falsificar certificaciones de no antecedentes penales y otros documentos, en el sector La Colonia, del municipio de Villa V\u00e1squez, en la provincia Montecristi.<\/p>\n\n\n\n<p>La jueza Javierca Antonia G\u00f3mez, del Tribunal de Atenci\u00f3n Permanente de este distrito judicial, atendiendo a la solicitud del Ministerio P\u00fablico, impuso la medida de coerci\u00f3n en contra de Jes\u00fas Alberto Tatis.<\/p>\n\n\n\n<p>En la audiencia, el fiscal Francisco Santos, mostr\u00f3 ante el tribunal que el imputado no cuenta con los arraigos que le permitan conocer este proceso contra medida que no sea la prisi\u00f3n preventiva.<\/p>\n\n\n\n<p>Alberto Tatis, fue arrestado en un allanamiento realizado en un centro de internet y digitaci\u00f3n de su propiedad, lugar desde donde operaba el principal equipo utilizado para la falsificaci\u00f3n de las documentaciones.<\/p>\n\n\n\n<p>Las autoridades informaron que en el centro tambi\u00e9n se falsificaban comprobantes de pagos de impuestos, actos notariales, cartas laborales y de juntas de vecinos, entre otros documentos.<\/p>\n\n\n\n<p>Con relaci\u00f3n a la investigaci\u00f3n, iniciada el pasado 25 de julio 2024, por la Procuradur\u00eda Fiscal del Distrito Judicial de Montecristi, relacionada a la presunta falsificaci\u00f3n de documentos en dicho centro, la Procuradur\u00eda Especializada Contra los Cr\u00edmenes y Delitos de Alta Tecnolog\u00eda (Pedatec) inform\u00f3 que dispuso que sus analistas y t\u00e9cnicos se trasladaran hasta esa demarcaci\u00f3n y brindaran el apoyo correspondiente al Ministerio P\u00fablico a cargo de la investigaci\u00f3n.<\/p>\n\n\n\n<p>Durante las pesquisas, el pasado 1 de agosto se realiz\u00f3 el registro y allanamiento al local, en medio del cual se practic\u00f3 el an\u00e1lisis in situ de los equipos electr\u00f3nicos encontrados en dicho lugar, lo que permiti\u00f3 identificar el servicio en la nube Google Drive sincronizado con una cuenta de correo electr\u00f3nico en una computadora, en el que hasta el momento se han encontrado 171 documentos de Microsoft Word.<\/p>\n\n\n\n<p>Los documentos contienen los proyectos de creaciones de certificaciones de no antecedentes penales falsas, emitidas a nombre de ciudadanos haitianos y dominicanos, 59 v\u00e1uchers de pagos de impuestos para certificaciones de no antecedentes penales falsos, visas estadounidenses modificadas, documentos notariales, cartas de juntas de vecinos y certificaciones laborales con firmas y sellos suplantados, entre otros documentos que tambi\u00e9n presentan alteraciones.<\/p>\n\n\n\n<p>En el allanamiento se ocuparon computadoras, tabletas, tel\u00e9fonos celulares, memorias USB, discos duros y m\u00faltiples pl\u00e1sticos de c\u00e9dulas de identidad, destacan las autoridades en un comunicado de prensa.<\/p>\n\n\n\n<p>Estos hechos, el Ministerio P\u00fablico le ha otorgado la calificaci\u00f3n jur\u00eddica provisional de violaci\u00f3n al art\u00edculo 147 del C\u00f3digo Penal Dominicano, consistente en falsedad de escritura p\u00fablica, as\u00ed como tambi\u00e9n al art\u00edculo 18 de la ley 53-07 sobre Cr\u00edmenes y Delitos de Alta Tecnolog\u00eda, que tipifica el delito de falsificaci\u00f3n de documentos a trav\u00e9s de medios electr\u00f3nicos.<\/p>\n\n\n\n<p>Por decisi\u00f3n del tribunal, el imputado cumplir\u00e1 la medida en el Centro de Correcci\u00f3n y Rehabilitaci\u00f3n de Dajab\u00f3n.<\/p>\n\n\n\n<p><strong>Direcci\u00f3n General de Comunicaci\u00f3n, Prensa, y RRPP<\/strong><strong><\/strong><\/p>\n\n\n\n<p>Ministerio P\u00fablico.&nbsp;R.D.<\/p>\n\n\n\n<p>Martes, 6 de agosto de 2024<\/p>\n","protected":false},"excerpt":{"rendered":"<p>diariodominicano.com Montecristi,\u2002R. D.,\u20027 de agosto, 2024.-\u00a0El Ministerio P\u00fablico logr\u00f3 la imposici\u00f3n de tres meses de prisi\u00f3n preventiva, como medida de coerci\u00f3n, en contra de un hombre, a quien le imputa falsificar certificaciones de no antecedentes penales y otros documentos, en el sector La Colonia, del municipio de Villa V\u00e1squez, en la provincia Montecristi. La jueza [&hellip;]<\/p>\n","protected":false},"author":5,"featured_media":550441,"comment_status":"closed","ping_status":"closed","sticky":true,"template":"","format":"standard","meta":{"footnotes":""},"categories":[24,27],"tags":[],"class_list":["post-550440","post","type-post","status-publish","format-standard","has-post-thumbnail","hentry","category-justicia-y-derecho","category-portada"],"_links":{"self":[{"href":"https:\/\/diariodominicano.com\/index.php?rest_route=\/wp\/v2\/posts\/550440","targetHints":{"allow":["GET"]}}],"collection":[{"href":"https:\/\/diariodominicano.com\/index.php?rest_route=\/wp\/v2\/posts"}],"about":[{"href":"https:\/\/diariodominicano.com\/index.php?rest_route=\/wp\/v2\/types\/post"}],"author":[{"embeddable":true,"href":"https:\/\/diariodominicano.com\/index.php?rest_route=\/wp\/v2\/users\/5"}],"replies":[{"embeddable":true,"href":"https:\/\/diariodominicano.com\/index.php?rest_route=%2Fwp%2Fv2%2Fcomments&post=550440"}],"version-history":[{"count":1,"href":"https:\/\/diariodominicano.com\/index.php?rest_route=\/wp\/v2\/posts\/550440\/revisions"}],"predecessor-version":[{"id":550442,"href":"https:\/\/diariodominicano.com\/index.php?rest_route=\/wp\/v2\/posts\/550440\/revisions\/550442"}],"wp:featuredmedia":[{"embeddable":true,"href":"https:\/\/diariodominicano.com\/index.php?rest_route=\/wp\/v2\/media\/550441"}],"wp:attachment":[{"href":"https:\/\/diariodominicano.com\/index.php?rest_route=%2Fwp%2Fv2%2Fmedia&parent=550440"}],"wp:term":[{"taxonomy":"category","embeddable":true,"href":"https:\/\/diariodominicano.com\/index.php?rest_route=%2Fwp%2Fv2%2Fcategories&post=550440"},{"taxonomy":"post_tag","embeddable":true,"href":"https:\/\/diariodominicano.com\/index.php?rest_route=%2Fwp%2Fv2%2Ftags&post=550440"}],"curies":[{"name":"wp","href":"https:\/\/api.w.org\/{rel}","templated":true}]}}