{"id":55040,"date":"2020-03-09T13:08:00","date_gmt":"2020-03-09T13:08:00","guid":{"rendered":"http:\/\/diariodominicano.ddns.net\/?p=55040"},"modified":"2020-03-09T13:08:00","modified_gmt":"2020-03-09T13:08:00","slug":"con-actividad-patriotica-la-dgdc-y-centro-educativo-conmemoran-el-203-aniversario-de-francisco-del-rosario-sanchez","status":"publish","type":"post","link":"https:\/\/diariodominicano.com\/?p=55040","title":{"rendered":"Con actividad patri\u00f3tica la DGDC y Centro Educativo conmemoran el 203 aniversario de Francisco del Rosario S\u00e1nchez"},"content":{"rendered":"<p><body><\/p>\n<p><img decoding=\"async\" src=\"img3\/celeb1.jpg\" \/><br \/><img decoding=\"async\" src=\"img3\/celeb2.jpg\" \/>  <\/p>\n<p>Direccion Genera Desarrollo de la Comunidad<\/p>\n<\/p>\n<p>Con actividad patri\u00f3tica la DGDC y Centro Educativo conmemoran el 203 aniversario de Francisco del Rosario S\u00e1nchez<\/p>\n<\/p>\n<p>Santo Domingo-RD-. La Direcci\u00f3n General de Desarrollo de la Comunidad-DGDC-, junto a la Escuela Primaria Francisco Xavier Billini, rindieron tributo al natalicio Padre de la Patria, Francisco del Rosario S\u00e1nchez, al conmemorarse sus 203 aniversario.<\/p>\n<\/p>\n<p>La actividad patri\u00f3tica tuvo como escenario la explanada de la Escuela Primaria Francisco Xavier Billini, en el Distrito Nacional, iniciando con el izamiento de la bandera y el Himno Nacional a cargo de la banda de m\u00fasica de la Direcci\u00f3n General de Desarrollo de la Comunidad.<\/p>\n<\/p>\n<p>El homenaje a S\u00e1nchez, fue amenizado por la Banda Interbarrial y el Batton Ballet de la DGDC, quienes junto a directivos y estudiantes del centro educativo, as\u00ed como padres y dirigentes comunitarios, dieron tributo a uno de los h\u00e9roes de la independencia y precursor de la restauraci\u00f3n.<\/p>\n<\/p>\n<p>De su lado, la directora del centro escolar Emilia Feliz Feliz, agradeci\u00f3 el apoyo de la Direcci\u00f3n General de Desarrollo de la Comunidad, que dirige Luis Acosta Moreta, Luis-EL GALLO-, a quien defini\u00f3 como un luchador de la Soberan\u00eda Nacional.<\/p>\n<\/p>\n<p>Durante el acto los estudiantes del centro educativo deleitaron a los presentes con la presentaci\u00f3n de poemas, bailes, cantos y dramatizaciones en honor a Francisco del Rosario S\u00e1nchez.<\/p>\n<h6> 2020-03-09 13:08:00 <\/h6>\n<p><!--\n<link rel=\"stylesheet\" href=\"css\/bootstrap.min.css\">\n\n\n<ul class=\"pagination\">\n\t    \n\t\n\n<li >\n\t<a href='?page_no=711'>Previous<\/a>\n\t<\/li>\n\n\n       \n    \n\n<li><a href='?page_no=1'>1<\/a><\/li>\n\n\n\n<li><a href='?page_no=2'>2<\/a><\/li>\n\n\n\n<li><a>...<\/a><\/li>\n\n\n\n<li><a href='?page_no=710'>710<\/a><\/li>\n\n\n\n<li><a href='?page_no=711'>711<\/a><\/li>\n\n\n\n<li class='active'><a>712<\/a><\/li>\n\n\n\n<li><a href='?page_no=713'>713<\/a><\/li>\n\n\n\n<li><a href='?page_no=714'>714<\/a><\/li>\n\n\n\n<li><a>...<\/a><\/li>\n\n\n\n<li><a href='?page_no=22911'>22911<\/a><\/li>\n\n\n\n<li><a href='?page_no=22912'>22912<\/a><\/li>\n\n    \n\t\n\n<li >\n\t<a href='?page_no=713'>Next<\/a>\n\t<\/li>\n\n\n    \n\n<li><a href='?page_no=22912'>Last &rsaquo;&rsaquo;<\/a><\/li>\n\n<\/ul>\n\n\n--><br \/>\n<\/body><\/p>\n","protected":false},"excerpt":{"rendered":"<p>Direccion Genera Desarrollo de la Comunidad Con actividad patri\u00f3tica la DGDC y Centro Educativo conmemoran el 203 aniversario de Francisco del Rosario S\u00e1nchez Santo Domingo-RD-. La Direcci\u00f3n General de Desarrollo de la Comunidad-DGDC-, junto a la Escuela Primaria Francisco Xavier Billini, rindieron tributo al natalicio Padre de la Patria, Francisco del Rosario S\u00e1nchez, al conmemorarse [&hellip;]<\/p>\n","protected":false},"author":3,"featured_media":0,"comment_status":"open","ping_status":"open","sticky":false,"template":"","format":"standard","meta":{"footnotes":""},"categories":[21],"tags":[],"class_list":["post-55040","post","type-post","status-publish","format-standard","hentry","category-cultura"],"_links":{"self":[{"href":"https:\/\/diariodominicano.com\/index.php?rest_route=\/wp\/v2\/posts\/55040","targetHints":{"allow":["GET"]}}],"collection":[{"href":"https:\/\/diariodominicano.com\/index.php?rest_route=\/wp\/v2\/posts"}],"about":[{"href":"https:\/\/diariodominicano.com\/index.php?rest_route=\/wp\/v2\/types\/post"}],"author":[{"embeddable":true,"href":"https:\/\/diariodominicano.com\/index.php?rest_route=\/wp\/v2\/users\/3"}],"replies":[{"embeddable":true,"href":"https:\/\/diariodominicano.com\/index.php?rest_route=%2Fwp%2Fv2%2Fcomments&post=55040"}],"version-history":[{"count":0,"href":"https:\/\/diariodominicano.com\/index.php?rest_route=\/wp\/v2\/posts\/55040\/revisions"}],"wp:attachment":[{"href":"https:\/\/diariodominicano.com\/index.php?rest_route=%2Fwp%2Fv2%2Fmedia&parent=55040"}],"wp:term":[{"taxonomy":"category","embeddable":true,"href":"https:\/\/diariodominicano.com\/index.php?rest_route=%2Fwp%2Fv2%2Fcategories&post=55040"},{"taxonomy":"post_tag","embeddable":true,"href":"https:\/\/diariodominicano.com\/index.php?rest_route=%2Fwp%2Fv2%2Ftags&post=55040"}],"curies":[{"name":"wp","href":"https:\/\/api.w.org\/{rel}","templated":true}]}}