{"id":55029,"date":"2020-03-09T16:51:42","date_gmt":"2020-03-09T16:51:42","guid":{"rendered":"http:\/\/diariodominicano.ddns.net\/?p=55029"},"modified":"2020-03-09T16:51:42","modified_gmt":"2020-03-09T16:51:42","slug":"presidente-danilo-medina-invita-a-reconocer-esfuerzos-por-la-libertad-y-principios-democraticos-de-francisco-del-rosario-sanchez","status":"publish","type":"post","link":"https:\/\/diariodominicano.com\/?p=55029","title":{"rendered":"Presidente Danilo Medina invita a reconocer esfuerzos por la libertad y principios democr\u00e1ticos de Francisco del Rosario S\u00e1nchez"},"content":{"rendered":"<p><body><\/p>\n<p><img decoding=\"async\" src=\"img3\/Sanchez9-3-20.jpg\" \/>  <\/p>\n<p><strong><span class=\"text1noticias\"> <\/span><\/strong><\/p>\n<p><strong><span class=\"text1noticias\">diariodominicano.com<\/span><\/strong><\/p>\n<p><strong> <\/strong><\/p>\n<p><strong><span class=\"text1noticias\">Santo Domingo, R. D., 9 Marzo 2020 (DICOM).-<\/span><\/strong><span class=\"text1noticias\">  El presidente Danilo Medina record\u00f3 el 203 aniversario del natalicio del pr\u00f3cer Francisco del Rosario S\u00e1nchez, a quien describi\u00f3 como un vigoroso propulsor de la Independencia Nacional impulsada por Juan Pablo Duarte junto a los dem\u00e1s trinitarios.<\/span><\/p>\n<p><span class=\"text1noticias\"> <\/span><\/p>\n<p><span class=\"text1noticias\">En un mensaje cargado de fervor patri\u00f3tico, respeto y admiraci\u00f3n, el jefe del Estado afirm\u00f3 que S\u00e1nchez tuvo el honor de enhestar por primera vez la Bandera Nacional en el Baluarte del Conde, la noche del 27 de febrero de 1844, luego que Mat\u00edas Ram\u00f3n Mella disparara el trabucazo en la Puerta de la Misericordia, que marc\u00f3 el inicio de la proclamaci\u00f3n de Independencia.<\/span><\/p>\n<p><span class=\"text1noticias\"> <\/span><\/p>\n<p><span class=\"text1noticias\">\u00abActivista de profundas convicciones patri\u00f3ticas y reconocido en la sociedad de entonces como defensor p\u00fablico autodidacta, S\u00e1nchez actuaba, al igual que todos los que siguieron las ideas de Duarte, con el convencimiento de que era necesario construir una Patria libre, independiente y democr\u00e1tica\u00bb, indic\u00f3.<\/span><\/p>\n<p><span class=\"text1noticias\"> <\/span><\/p>\n<p><span class=\"text1noticias\">En la carta simb\u00f3lica, dada a conocer por el portavoz del Gobierno y director general de Comunicaci\u00f3n, Roberto Rodr\u00edguez Marchena, a trav\u00e9s de su red social de Twitter @RodrigMarchena, Danilo Medina destac\u00f3 que el pr\u00f3cer desempe\u00f1\u00f3 diversas posiciones p\u00fablicas en los primeros a\u00f1os de la Rep\u00fablica y supo mantener vivos los anhelos libertarios.<\/span><\/p>\n<p><span class=\"text1noticias\"> <\/span><\/p>\n<p><span class=\"text1noticias\">Muestra de ello, lo constituye el Manifiesto, emitido el 20 de enero de 1861, en defensa de la autonom\u00eda nacional, por encima de los prop\u00f3sitos anexionistas encabezados por el general Pedro Santana. <\/span><\/p>\n<p><span class=\"text1noticias\"> <\/span><\/p>\n<p><span class=\"text1noticias\">\u00abS\u00e1nchez ten\u00eda 44 a\u00f1os de edad cuando Santana lo deport\u00f3 al exilio, a pesar de haber servido a su gobierno en varias ocasiones. Fue acusado de \u00abalta traici\u00f3n a la Patria\u00bb ante un tribunal que lo declar\u00f3 culpable y le conden\u00f3 a morir fusilado, hecho consumado el 4 de julio de 1861, en San Juan de la Maguana\u00bb. <\/span><\/p>\n<p><span class=\"text1noticias\"> <\/span><\/p>\n<p><span class=\"text1noticias\">Adem\u00e1s de sus m\u00e9ritos como h\u00e9roe de la Independencia Nacional, \u00abreconocemos en Francisco del Rosario S\u00e1nchez la ofrenda de su sangre por el afianzamiento de la libertad y los principios democr\u00e1ticos que prevalecen en nuestros <\/span>d\u00edas\u00bb.<\/p>\n<h6> 2020-03-09 16:51:42 <\/h6>\n<p><!--\n<link rel=\"stylesheet\" href=\"css\/bootstrap.min.css\">\n\n\n<ul class=\"pagination\">\n\t    \n\t\n\n<li >\n\t<a href='?page_no=710'>Previous<\/a>\n\t<\/li>\n\n\n       \n    \n\n<li><a href='?page_no=1'>1<\/a><\/li>\n\n\n\n<li><a href='?page_no=2'>2<\/a><\/li>\n\n\n\n<li><a>...<\/a><\/li>\n\n\n\n<li><a href='?page_no=709'>709<\/a><\/li>\n\n\n\n<li><a href='?page_no=710'>710<\/a><\/li>\n\n\n\n<li class='active'><a>711<\/a><\/li>\n\n\n\n<li><a href='?page_no=712'>712<\/a><\/li>\n\n\n\n<li><a href='?page_no=713'>713<\/a><\/li>\n\n\n\n<li><a>...<\/a><\/li>\n\n\n\n<li><a href='?page_no=22911'>22911<\/a><\/li>\n\n\n\n<li><a href='?page_no=22912'>22912<\/a><\/li>\n\n    \n\t\n\n<li >\n\t<a href='?page_no=712'>Next<\/a>\n\t<\/li>\n\n\n    \n\n<li><a href='?page_no=22912'>Last &rsaquo;&rsaquo;<\/a><\/li>\n\n<\/ul>\n\n\n--><br \/>\n<\/body><\/p>\n","protected":false},"excerpt":{"rendered":"<p>diariodominicano.com Santo Domingo, R. D., 9 Marzo 2020 (DICOM).- El presidente Danilo Medina record\u00f3 el 203 aniversario del natalicio del pr\u00f3cer Francisco del Rosario S\u00e1nchez, a quien describi\u00f3 como un vigoroso propulsor de la Independencia Nacional impulsada por Juan Pablo Duarte junto a los dem\u00e1s trinitarios. En un mensaje cargado de fervor patri\u00f3tico, respeto y [&hellip;]<\/p>\n","protected":false},"author":3,"featured_media":0,"comment_status":"open","ping_status":"open","sticky":false,"template":"","format":"standard","meta":{"footnotes":""},"categories":[21],"tags":[],"class_list":["post-55029","post","type-post","status-publish","format-standard","hentry","category-cultura"],"_links":{"self":[{"href":"https:\/\/diariodominicano.com\/index.php?rest_route=\/wp\/v2\/posts\/55029","targetHints":{"allow":["GET"]}}],"collection":[{"href":"https:\/\/diariodominicano.com\/index.php?rest_route=\/wp\/v2\/posts"}],"about":[{"href":"https:\/\/diariodominicano.com\/index.php?rest_route=\/wp\/v2\/types\/post"}],"author":[{"embeddable":true,"href":"https:\/\/diariodominicano.com\/index.php?rest_route=\/wp\/v2\/users\/3"}],"replies":[{"embeddable":true,"href":"https:\/\/diariodominicano.com\/index.php?rest_route=%2Fwp%2Fv2%2Fcomments&post=55029"}],"version-history":[{"count":0,"href":"https:\/\/diariodominicano.com\/index.php?rest_route=\/wp\/v2\/posts\/55029\/revisions"}],"wp:attachment":[{"href":"https:\/\/diariodominicano.com\/index.php?rest_route=%2Fwp%2Fv2%2Fmedia&parent=55029"}],"wp:term":[{"taxonomy":"category","embeddable":true,"href":"https:\/\/diariodominicano.com\/index.php?rest_route=%2Fwp%2Fv2%2Fcategories&post=55029"},{"taxonomy":"post_tag","embeddable":true,"href":"https:\/\/diariodominicano.com\/index.php?rest_route=%2Fwp%2Fv2%2Ftags&post=55029"}],"curies":[{"name":"wp","href":"https:\/\/api.w.org\/{rel}","templated":true}]}}