{"id":55017,"date":"2020-11-06T14:37:30","date_gmt":"2020-11-06T14:37:30","guid":{"rendered":"http:\/\/diariodominicano.ddns.net\/?p=55017"},"modified":"2020-11-06T14:37:30","modified_gmt":"2020-11-06T14:37:30","slug":"ministerio-de-defensa-se-une-a-los-actos-conmemorativos-por-el-176-aniversario-de-la-constitucion-de-republica-dominicana","status":"publish","type":"post","link":"https:\/\/diariodominicano.com\/?p=55017","title":{"rendered":"Ministerio de Defensa se une a los actos conmemorativos por el 176 aniversario de la Constituci\u00f3n de Rep\u00fablica Dominicana."},"content":{"rendered":"<p><body><\/p>\n<p><strong>Diariodominicano.com<\/strong><\/p>\n<p><strong>Ministerio de Defensa se une a los actos conmemorativos por el 176 aniversario de la Constituci\u00f3n de Rep\u00fablica Dominicana. <\/strong><\/p>\n<p><strong>Santo Domingo, RD, 7 de noviembre de 2020.-<\/strong> Autoridades civiles y militares encabezaron el programa de actividades alusivas a la fecha, el cual inici\u00f3 frente a la sede de la gobernaci\u00f3n de San Crist\u00f3bal, con el izamiento de la bandera nacional y la interpretaci\u00f3n del Himno Nacional por parte de una banda de m\u00fasica del Ej\u00e9rcito de Rep\u00fablica Dominicana.<\/p>\n<p>En representaci\u00f3n del Ministro de Defensa Teniente General Carlos Luciano D\u00edaz Morfa, ERD.,  asisti\u00f3 el General de Brigada  Luis Francisco De Le\u00f3n Rodr\u00edguez, ERD., Comandante del Comando Metropolitano de FF.AA., junto al Contralmirante Luis R .Ballester ARD., director del C5i MIDE, el General de Brigada Piloto Willam Wimfield Sharp Jim\u00e9nez , FARD., Director General del Instituto de Seguridad Social de FF.AA., as\u00ed como el General de Brigada de la Polic\u00eda Jorge Manzebo Bautista.<\/p>\n<p>Al pie del \u00abMonumento a los Constituyentes\u00bb ubicado en la Plaza 6 de Noviembre a la entrada de la ciudad, fueron depositadas ofrendas florales por parte del alcalde de la ciudad Jos\u00e9 Mont\u00e1s y la gobernadora Pura Castillo, quienes pronunciaron las palabras centrales del acto, donde tambi\u00e9n estuvo presente Juan Pablo Uribe, presidente de la Comisi\u00f3n Permanente de Efem\u00e9rides Patrias (CNEP). <\/p>\n<p>Luego del Tedeum realizado en la iglesia local, uniformados del Regimiento de la Guardia de Honor del MIDE, rindieron los honores de estilo que marcaron el inicio del desfile c\u00edvico-militar, engalanado con la presencia de cientos de estudiantes de m\u00e1s de 30 centros educativos p\u00fablicos y privados, as\u00ed como por los grupos de ballet de diferentes barrios de San Crist\u00f3bal.<\/p>\n<\/p>\n<h6> 2020-11-06 14:37:30 <\/h6>\n<p><!--\n<link rel=\"stylesheet\" href=\"css\/bootstrap.min.css\">\n\n\n<ul class=\"pagination\">\n\t    \n\t\n\n<li >\n\t<a href='?page_no=70'>Previous<\/a>\n\t<\/li>\n\n\n       \n    \n\n<li><a href='?page_no=1'>1<\/a><\/li>\n\n\n\n<li><a href='?page_no=2'>2<\/a><\/li>\n\n\n\n<li><a>...<\/a><\/li>\n\n\n\n<li><a href='?page_no=69'>69<\/a><\/li>\n\n\n\n<li><a href='?page_no=70'>70<\/a><\/li>\n\n\n\n<li class='active'><a>71<\/a><\/li>\n\n\n\n<li><a href='?page_no=72'>72<\/a><\/li>\n\n\n\n<li><a href='?page_no=73'>73<\/a><\/li>\n\n\n\n<li><a>...<\/a><\/li>\n\n\n\n<li><a href='?page_no=22911'>22911<\/a><\/li>\n\n\n\n<li><a href='?page_no=22912'>22912<\/a><\/li>\n\n    \n\t\n\n<li >\n\t<a href='?page_no=72'>Next<\/a>\n\t<\/li>\n\n\n    \n\n<li><a href='?page_no=22912'>Last &rsaquo;&rsaquo;<\/a><\/li>\n\n<\/ul>\n\n\n--><br \/>\n<\/body><\/p>\n","protected":false},"excerpt":{"rendered":"<p>Diariodominicano.com Ministerio de Defensa se une a los actos conmemorativos por el 176 aniversario de la Constituci\u00f3n de Rep\u00fablica Dominicana. Santo Domingo, RD, 7 de noviembre de 2020.- Autoridades civiles y militares encabezaron el programa de actividades alusivas a la fecha, el cual inici\u00f3 frente a la sede de la gobernaci\u00f3n de San Crist\u00f3bal, con [&hellip;]<\/p>\n","protected":false},"author":3,"featured_media":0,"comment_status":"open","ping_status":"open","sticky":false,"template":"","format":"standard","meta":{"footnotes":""},"categories":[21],"tags":[],"class_list":["post-55017","post","type-post","status-publish","format-standard","hentry","category-cultura"],"_links":{"self":[{"href":"https:\/\/diariodominicano.com\/index.php?rest_route=\/wp\/v2\/posts\/55017","targetHints":{"allow":["GET"]}}],"collection":[{"href":"https:\/\/diariodominicano.com\/index.php?rest_route=\/wp\/v2\/posts"}],"about":[{"href":"https:\/\/diariodominicano.com\/index.php?rest_route=\/wp\/v2\/types\/post"}],"author":[{"embeddable":true,"href":"https:\/\/diariodominicano.com\/index.php?rest_route=\/wp\/v2\/users\/3"}],"replies":[{"embeddable":true,"href":"https:\/\/diariodominicano.com\/index.php?rest_route=%2Fwp%2Fv2%2Fcomments&post=55017"}],"version-history":[{"count":0,"href":"https:\/\/diariodominicano.com\/index.php?rest_route=\/wp\/v2\/posts\/55017\/revisions"}],"wp:attachment":[{"href":"https:\/\/diariodominicano.com\/index.php?rest_route=%2Fwp%2Fv2%2Fmedia&parent=55017"}],"wp:term":[{"taxonomy":"category","embeddable":true,"href":"https:\/\/diariodominicano.com\/index.php?rest_route=%2Fwp%2Fv2%2Fcategories&post=55017"},{"taxonomy":"post_tag","embeddable":true,"href":"https:\/\/diariodominicano.com\/index.php?rest_route=%2Fwp%2Fv2%2Ftags&post=55017"}],"curies":[{"name":"wp","href":"https:\/\/api.w.org\/{rel}","templated":true}]}}