{"id":550020,"date":"2024-08-05T19:46:50","date_gmt":"2024-08-05T23:46:50","guid":{"rendered":"https:\/\/diariodominicano.com\/?p=550020"},"modified":"2024-08-05T19:46:51","modified_gmt":"2024-08-05T23:46:51","slug":"juntas-por-una-causa","status":"publish","type":"post","link":"https:\/\/diariodominicano.com\/?p=550020","title":{"rendered":"Juntas por una Causa"},"content":{"rendered":"\n<p>La familia Guiribitey junto a la reconocida dise\u00f1adora dominicana Giannina Azar, unen esfuerzos en apoyo a comunidades limitadas de Rep\u00fablica Dominicana<\/p>\n\n\n\n<p>Guiribitey Family Foundation une esfuerzos junto a la reconocida dise\u00f1adora de modas Giannina Azar, en un acto formal que otorgar\u00e1 subsidios y becas para ayudar a familias de escasos recursos en la Rep\u00fablica Dominicana.<\/p>\n\n\n\n<p>El encuentro fomentar\u00e1 el desarrollo juvenil mediante la concesi\u00f3n de subvenciones a organizaciones sin fines de lucro nacionales, que promuevan el crecimiento educativo basado en valores cristianos; a trav\u00e9s de programas, tutor\u00edas, campamentos y actividades extracurriculares.<\/p>\n\n\n\n<figure class=\"wp-block-gallery has-nested-images columns-default is-cropped wp-block-gallery-1 is-layout-flex wp-block-gallery-is-layout-flex\">\n<figure class=\"wp-block-image size-large\"><img loading=\"lazy\" decoding=\"async\" width=\"683\" height=\"1024\" data-id=\"550033\" src=\"https:\/\/diariodominicano.com\/wp-content\/uploads\/2024\/08\/Socrates-McKinney-Giannina-Azar-Taty-Guiribitey-y-Geanilda-Vasquez-683x1024.jpg\" alt=\"\" class=\"wp-image-550033\" srcset=\"https:\/\/diariodominicano.com\/wp-content\/uploads\/2024\/08\/Socrates-McKinney-Giannina-Azar-Taty-Guiribitey-y-Geanilda-Vasquez-683x1024.jpg 683w, https:\/\/diariodominicano.com\/wp-content\/uploads\/2024\/08\/Socrates-McKinney-Giannina-Azar-Taty-Guiribitey-y-Geanilda-Vasquez-200x300.jpg 200w, https:\/\/diariodominicano.com\/wp-content\/uploads\/2024\/08\/Socrates-McKinney-Giannina-Azar-Taty-Guiribitey-y-Geanilda-Vasquez-768x1152.jpg 768w, https:\/\/diariodominicano.com\/wp-content\/uploads\/2024\/08\/Socrates-McKinney-Giannina-Azar-Taty-Guiribitey-y-Geanilda-Vasquez-1024x1536.jpg 1024w, https:\/\/diariodominicano.com\/wp-content\/uploads\/2024\/08\/Socrates-McKinney-Giannina-Azar-Taty-Guiribitey-y-Geanilda-Vasquez-816x1224.jpg 816w, https:\/\/diariodominicano.com\/wp-content\/uploads\/2024\/08\/Socrates-McKinney-Giannina-Azar-Taty-Guiribitey-y-Geanilda-Vasquez.jpg 1200w\" sizes=\"auto, (max-width: 683px) 100vw, 683px\" \/><figcaption class=\"wp-element-caption\">Socrates McKinney, Giannina Azar, Taty Guiribitey y Geanilda Vasquez <\/figcaption><\/figure>\n\n\n\n<figure class=\"wp-block-image size-large\"><img loading=\"lazy\" decoding=\"async\" width=\"683\" height=\"1024\" data-id=\"550032\" src=\"https:\/\/diariodominicano.com\/wp-content\/uploads\/2024\/08\/Antonio-Vargas-y-Camila-Guiribitey-683x1024.jpg\" alt=\"\" class=\"wp-image-550032\" srcset=\"https:\/\/diariodominicano.com\/wp-content\/uploads\/2024\/08\/Antonio-Vargas-y-Camila-Guiribitey-683x1024.jpg 683w, https:\/\/diariodominicano.com\/wp-content\/uploads\/2024\/08\/Antonio-Vargas-y-Camila-Guiribitey-200x300.jpg 200w, https:\/\/diariodominicano.com\/wp-content\/uploads\/2024\/08\/Antonio-Vargas-y-Camila-Guiribitey-768x1151.jpg 768w, https:\/\/diariodominicano.com\/wp-content\/uploads\/2024\/08\/Antonio-Vargas-y-Camila-Guiribitey-1025x1536.jpg 1025w, https:\/\/diariodominicano.com\/wp-content\/uploads\/2024\/08\/Antonio-Vargas-y-Camila-Guiribitey-816x1223.jpg 816w, https:\/\/diariodominicano.com\/wp-content\/uploads\/2024\/08\/Antonio-Vargas-y-Camila-Guiribitey.jpg 1170w\" sizes=\"auto, (max-width: 683px) 100vw, 683px\" \/><figcaption class=\"wp-element-caption\">Antonio Vargas y Camila Guiribitey <\/figcaption><\/figure>\n<\/figure>\n\n\n\n<p>Su estructura facilitar\u00e1 adem\u00e1s, oradores motivacionales y mentor\u00eda para las organizaciones que as\u00ed lo requieran.<\/p>\n\n\n\n<p>\u201cMe siento honrada y agradecida de visitar por vez primera a la Rep\u00fablica Dominicana y que a trav\u00e9s de mi fundaci\u00f3n pueda aportar un granito de arena a las familias dominicanas\u201d, expres\u00f3 Taty Guiribitey, presidenta de Guiribitey Family Foundation.<\/p>\n\n\n\n<figure class=\"wp-block-gallery has-nested-images columns-default is-cropped wp-block-gallery-2 is-layout-flex wp-block-gallery-is-layout-flex\">\n<figure class=\"wp-block-image size-large\"><img loading=\"lazy\" decoding=\"async\" width=\"699\" height=\"1024\" data-id=\"550031\" src=\"https:\/\/diariodominicano.com\/wp-content\/uploads\/2024\/08\/Junior-Jorge-Melkis-Diaz-y-Bismarck-Morales-699x1024.jpg\" alt=\"\" class=\"wp-image-550031\" srcset=\"https:\/\/diariodominicano.com\/wp-content\/uploads\/2024\/08\/Junior-Jorge-Melkis-Diaz-y-Bismarck-Morales-699x1024.jpg 699w, https:\/\/diariodominicano.com\/wp-content\/uploads\/2024\/08\/Junior-Jorge-Melkis-Diaz-y-Bismarck-Morales-205x300.jpg 205w, https:\/\/diariodominicano.com\/wp-content\/uploads\/2024\/08\/Junior-Jorge-Melkis-Diaz-y-Bismarck-Morales-768x1126.jpg 768w, https:\/\/diariodominicano.com\/wp-content\/uploads\/2024\/08\/Junior-Jorge-Melkis-Diaz-y-Bismarck-Morales-1048x1536.jpg 1048w, https:\/\/diariodominicano.com\/wp-content\/uploads\/2024\/08\/Junior-Jorge-Melkis-Diaz-y-Bismarck-Morales-816x1196.jpg 816w, https:\/\/diariodominicano.com\/wp-content\/uploads\/2024\/08\/Junior-Jorge-Melkis-Diaz-y-Bismarck-Morales.jpg 1278w\" sizes=\"auto, (max-width: 699px) 100vw, 699px\" \/><figcaption class=\"wp-element-caption\">Junior Jorge, Melkis Di\u0301az y Bismarck Morales <\/figcaption><\/figure>\n\n\n\n<figure class=\"wp-block-image size-large\"><img loading=\"lazy\" decoding=\"async\" width=\"683\" height=\"1024\" data-id=\"550030\" src=\"https:\/\/diariodominicano.com\/wp-content\/uploads\/2024\/08\/Ariel-Adolfo-Carreras-y-Selinee-Mendez-683x1024.jpg\" alt=\"\" class=\"wp-image-550030\" srcset=\"https:\/\/diariodominicano.com\/wp-content\/uploads\/2024\/08\/Ariel-Adolfo-Carreras-y-Selinee-Mendez-683x1024.jpg 683w, https:\/\/diariodominicano.com\/wp-content\/uploads\/2024\/08\/Ariel-Adolfo-Carreras-y-Selinee-Mendez-200x300.jpg 200w, https:\/\/diariodominicano.com\/wp-content\/uploads\/2024\/08\/Ariel-Adolfo-Carreras-y-Selinee-Mendez-768x1152.jpg 768w, https:\/\/diariodominicano.com\/wp-content\/uploads\/2024\/08\/Ariel-Adolfo-Carreras-y-Selinee-Mendez-1024x1536.jpg 1024w, https:\/\/diariodominicano.com\/wp-content\/uploads\/2024\/08\/Ariel-Adolfo-Carreras-y-Selinee-Mendez-816x1224.jpg 816w, https:\/\/diariodominicano.com\/wp-content\/uploads\/2024\/08\/Ariel-Adolfo-Carreras-y-Selinee-Mendez.jpg 1170w\" sizes=\"auto, (max-width: 683px) 100vw, 683px\" \/><figcaption class=\"wp-element-caption\">Ariel Adolfo Carreras y Seline\u0301e Me\u0301ndez <\/figcaption><\/figure>\n<\/figure>\n\n\n\n<p>Anteriormente, la reconocida influencer y fil\u00e1ntropa Taty Guiribitey, apodada como la #MamiLover, quien junto a la dise\u00f1adora Giannina Azar, realizaron desfiles de modas en la ciudad de Miami, cuyos fondos recuadados fueron destinados a causas ben\u00e9ficas.<\/p>\n\n\n\n<p>Durante su visita a Rep\u00fablica Dominicana, la familia Guiribitey respald\u00f3 numerosas iniciativas, realizando apoyo a los mas necesitados de las comunidades de la Ci\u00e9naga y otras zonas del gran Santo Domingo.<\/p>\n\n\n\n<figure class=\"wp-block-gallery has-nested-images columns-default is-cropped wp-block-gallery-3 is-layout-flex wp-block-gallery-is-layout-flex\">\n<figure class=\"wp-block-image size-large\"><img loading=\"lazy\" decoding=\"async\" width=\"682\" height=\"1024\" data-id=\"550029\" src=\"https:\/\/diariodominicano.com\/wp-content\/uploads\/2024\/08\/Dayana-Rodriguez-Ruth-Ocumarez-y-Laura-De-La-Nuez-682x1024.jpg\" alt=\"\" class=\"wp-image-550029\" srcset=\"https:\/\/diariodominicano.com\/wp-content\/uploads\/2024\/08\/Dayana-Rodriguez-Ruth-Ocumarez-y-Laura-De-La-Nuez-682x1024.jpg 682w, https:\/\/diariodominicano.com\/wp-content\/uploads\/2024\/08\/Dayana-Rodriguez-Ruth-Ocumarez-y-Laura-De-La-Nuez-200x300.jpg 200w, https:\/\/diariodominicano.com\/wp-content\/uploads\/2024\/08\/Dayana-Rodriguez-Ruth-Ocumarez-y-Laura-De-La-Nuez-768x1154.jpg 768w, https:\/\/diariodominicano.com\/wp-content\/uploads\/2024\/08\/Dayana-Rodriguez-Ruth-Ocumarez-y-Laura-De-La-Nuez-1022x1536.jpg 1022w, https:\/\/diariodominicano.com\/wp-content\/uploads\/2024\/08\/Dayana-Rodriguez-Ruth-Ocumarez-y-Laura-De-La-Nuez-816x1226.jpg 816w, https:\/\/diariodominicano.com\/wp-content\/uploads\/2024\/08\/Dayana-Rodriguez-Ruth-Ocumarez-y-Laura-De-La-Nuez.jpg 1176w\" sizes=\"auto, (max-width: 682px) 100vw, 682px\" \/><figcaption class=\"wp-element-caption\">Dayana Rodriguez, Ruth Ocumarez y Laura De La Nuez <\/figcaption><\/figure>\n\n\n\n<figure class=\"wp-block-image size-large\"><img loading=\"lazy\" decoding=\"async\" width=\"666\" height=\"1024\" data-id=\"550028\" src=\"https:\/\/diariodominicano.com\/wp-content\/uploads\/2024\/08\/Marcelle-Martinez-y-Carlos-Mena-666x1024.jpg\" alt=\"\" class=\"wp-image-550028\" srcset=\"https:\/\/diariodominicano.com\/wp-content\/uploads\/2024\/08\/Marcelle-Martinez-y-Carlos-Mena-666x1024.jpg 666w, https:\/\/diariodominicano.com\/wp-content\/uploads\/2024\/08\/Marcelle-Martinez-y-Carlos-Mena-195x300.jpg 195w, https:\/\/diariodominicano.com\/wp-content\/uploads\/2024\/08\/Marcelle-Martinez-y-Carlos-Mena-768x1181.jpg 768w, https:\/\/diariodominicano.com\/wp-content\/uploads\/2024\/08\/Marcelle-Martinez-y-Carlos-Mena-999x1536.jpg 999w, https:\/\/diariodominicano.com\/wp-content\/uploads\/2024\/08\/Marcelle-Martinez-y-Carlos-Mena-816x1255.jpg 816w, https:\/\/diariodominicano.com\/wp-content\/uploads\/2024\/08\/Marcelle-Martinez-y-Carlos-Mena.jpg 1208w\" sizes=\"auto, (max-width: 666px) 100vw, 666px\" \/><figcaption class=\"wp-element-caption\">Marcelle Martinez y Carlos Mena <\/figcaption><\/figure>\n<\/figure>\n\n\n\n<p>\u201cLa misiva de este nuevo encuentro en Dominicana, busca estrechar lazos de amistad y fortalecer los v\u00ednculos que tanto nos une. Hacer moda con prop\u00f3sito es parte tambi\u00e9n de nuestro legado\u201d, cit\u00f3 Giannina Azar.<\/p>\n\n\n\n<p>Acerca de Guiribitey Family Foundation<\/p>\n\n\n\n<p>La Fundaci\u00f3n Familia Guiribitey se dedica a mejorar la calidad de vida de comunidades desfavorecidas en Am\u00e9rica Latina a trav\u00e9s de iniciativas sostenibles de educaci\u00f3n y atenci\u00f3n m\u00e9dica. Su esfuerzo radica en empoderar a las familias, brind\u00e1ndoles recursos y oportunidades esenciales para un mejor futuro.<\/p>\n\n\n\n<p>Su labor filantr\u00f3pica abarca otras \u00e1reas como el arte y la moda, adem\u00e1s de proyectos culturales destinados a enriquecer la diversidad y la herencia cultural en latinoam\u00e9rica.<\/p>\n\n\n\n<figure class=\"wp-block-gallery has-nested-images columns-default is-cropped wp-block-gallery-4 is-layout-flex wp-block-gallery-is-layout-flex\">\n<figure class=\"wp-block-image size-large\"><img loading=\"lazy\" decoding=\"async\" width=\"683\" height=\"1024\" data-id=\"550027\" src=\"https:\/\/diariodominicano.com\/wp-content\/uploads\/2024\/08\/Maria-Felix-y-Alejandro-Martinez-683x1024.jpg\" alt=\"\" class=\"wp-image-550027\" srcset=\"https:\/\/diariodominicano.com\/wp-content\/uploads\/2024\/08\/Maria-Felix-y-Alejandro-Martinez-683x1024.jpg 683w, https:\/\/diariodominicano.com\/wp-content\/uploads\/2024\/08\/Maria-Felix-y-Alejandro-Martinez-200x300.jpg 200w, https:\/\/diariodominicano.com\/wp-content\/uploads\/2024\/08\/Maria-Felix-y-Alejandro-Martinez-768x1152.jpg 768w, https:\/\/diariodominicano.com\/wp-content\/uploads\/2024\/08\/Maria-Felix-y-Alejandro-Martinez-1024x1536.jpg 1024w, https:\/\/diariodominicano.com\/wp-content\/uploads\/2024\/08\/Maria-Felix-y-Alejandro-Martinez-816x1224.jpg 816w, https:\/\/diariodominicano.com\/wp-content\/uploads\/2024\/08\/Maria-Felix-y-Alejandro-Martinez.jpg 1280w\" sizes=\"auto, (max-width: 683px) 100vw, 683px\" \/><figcaption class=\"wp-element-caption\">Mari\u0301a Fe\u0301lix y Alejandro Martinez <\/figcaption><\/figure>\n\n\n\n<figure class=\"wp-block-image size-large\"><img loading=\"lazy\" decoding=\"async\" width=\"696\" height=\"1024\" data-id=\"550026\" src=\"https:\/\/diariodominicano.com\/wp-content\/uploads\/2024\/08\/Ashley-Diaz-Mayra-Delgado-y-Anayilda-Jaquez-696x1024.jpg\" alt=\"\" class=\"wp-image-550026\" srcset=\"https:\/\/diariodominicano.com\/wp-content\/uploads\/2024\/08\/Ashley-Diaz-Mayra-Delgado-y-Anayilda-Jaquez-696x1024.jpg 696w, https:\/\/diariodominicano.com\/wp-content\/uploads\/2024\/08\/Ashley-Diaz-Mayra-Delgado-y-Anayilda-Jaquez-204x300.jpg 204w, https:\/\/diariodominicano.com\/wp-content\/uploads\/2024\/08\/Ashley-Diaz-Mayra-Delgado-y-Anayilda-Jaquez-768x1129.jpg 768w, https:\/\/diariodominicano.com\/wp-content\/uploads\/2024\/08\/Ashley-Diaz-Mayra-Delgado-y-Anayilda-Jaquez-816x1200.jpg 816w, https:\/\/diariodominicano.com\/wp-content\/uploads\/2024\/08\/Ashley-Diaz-Mayra-Delgado-y-Anayilda-Jaquez.jpg 1020w\" sizes=\"auto, (max-width: 696px) 100vw, 696px\" \/><figcaption class=\"wp-element-caption\"> Ashley Diaz, Mayra Delgado y Anayilda Ja\u0301quez <\/figcaption><\/figure>\n<\/figure>\n\n\n\n<p>www.guiribiteyfamilyfoundation.org<\/p>\n\n\n\n<p>Acerca de Giannina Azar<\/p>\n\n\n\n<p>Dise\u00f1adora de moda y empresaria dominicana. Ha presentado innumerables desfiles nacionales e internacionales durante m\u00e1s de 4 d\u00e9cadas, llevando moda con prop\u00f3sitos a las ciudades de Miami, Boston, Washington, New York, Los Angeles, Aruba, Panam\u00e1, Las Bahamas, Costa Rica, Venecia, Dubai y Espa\u00f1a. Durante su carrera ha sido galadornada en m\u00faltiples ocasiones, incluyendo los premios Jaycees y ha dise\u00f1ado vestuarios para grandes celebridades del entretenimiento, entre ellas, Thal\u00eda, Yuri, Shakira, Carol G, Maluma, Jennifer L\u00f3pez, Beyonc\u00e9, Gwen Stefani, Greeicy, Natti Natasha, Danna Paola, Ally Brooke, Paulina Rubio, Gloria Trevie, Britney Spears, Halle Bailey, entre otras.<\/p>\n\n\n\n<p>Fue elegida entre las mujeres m\u00e1s poderosas e influyentes y reconocida por las revistas People en Espa\u00f1ol, Hola USA, Hola RD y Forbes.<\/p>\n\n\n\n<p>Sus creaciones han engalanado decenas de eventos internacionales, tales como, Premios Soberano, Premios Lo Nuestro, los Glaad Media Awards, Premios Grammy Latinos, Premios Orion, Premios Billboard, Premios Juventud y Miss Universo.<\/p>\n\n\n\n<p>www.gianninaazar.com<\/p>\n","protected":false},"excerpt":{"rendered":"<p>La familia Guiribitey junto a la reconocida dise\u00f1adora dominicana Giannina Azar, unen esfuerzos en apoyo a comunidades limitadas de Rep\u00fablica Dominicana Guiribitey Family Foundation une esfuerzos junto a la reconocida dise\u00f1adora de modas Giannina Azar, en un acto formal que otorgar\u00e1 subsidios y becas para ayudar a familias de escasos recursos en la Rep\u00fablica Dominicana. [&hellip;]<\/p>\n","protected":false},"author":7,"featured_media":550034,"comment_status":"closed","ping_status":"closed","sticky":false,"template":"","format":"standard","meta":{"footnotes":""},"categories":[25],"tags":[],"class_list":["post-550020","post","type-post","status-publish","format-standard","has-post-thumbnail","hentry","category-gente"],"_links":{"self":[{"href":"https:\/\/diariodominicano.com\/index.php?rest_route=\/wp\/v2\/posts\/550020","targetHints":{"allow":["GET"]}}],"collection":[{"href":"https:\/\/diariodominicano.com\/index.php?rest_route=\/wp\/v2\/posts"}],"about":[{"href":"https:\/\/diariodominicano.com\/index.php?rest_route=\/wp\/v2\/types\/post"}],"author":[{"embeddable":true,"href":"https:\/\/diariodominicano.com\/index.php?rest_route=\/wp\/v2\/users\/7"}],"replies":[{"embeddable":true,"href":"https:\/\/diariodominicano.com\/index.php?rest_route=%2Fwp%2Fv2%2Fcomments&post=550020"}],"version-history":[{"count":1,"href":"https:\/\/diariodominicano.com\/index.php?rest_route=\/wp\/v2\/posts\/550020\/revisions"}],"predecessor-version":[{"id":550035,"href":"https:\/\/diariodominicano.com\/index.php?rest_route=\/wp\/v2\/posts\/550020\/revisions\/550035"}],"wp:featuredmedia":[{"embeddable":true,"href":"https:\/\/diariodominicano.com\/index.php?rest_route=\/wp\/v2\/media\/550034"}],"wp:attachment":[{"href":"https:\/\/diariodominicano.com\/index.php?rest_route=%2Fwp%2Fv2%2Fmedia&parent=550020"}],"wp:term":[{"taxonomy":"category","embeddable":true,"href":"https:\/\/diariodominicano.com\/index.php?rest_route=%2Fwp%2Fv2%2Fcategories&post=550020"},{"taxonomy":"post_tag","embeddable":true,"href":"https:\/\/diariodominicano.com\/index.php?rest_route=%2Fwp%2Fv2%2Ftags&post=550020"}],"curies":[{"name":"wp","href":"https:\/\/api.w.org\/{rel}","templated":true}]}}