{"id":54995,"date":"2020-03-09T17:27:59","date_gmt":"2020-03-09T17:27:59","guid":{"rendered":"http:\/\/diariodominicano.ddns.net\/?p=54995"},"modified":"2020-03-09T17:27:59","modified_gmt":"2020-03-09T17:27:59","slug":"muere-historiador-vetilio-alfau-duran","status":"publish","type":"post","link":"https:\/\/diariodominicano.com\/?p=54995","title":{"rendered":"&#13;Muere historiador Vetilio Alfau Dur\u00e1n"},"content":{"rendered":"<p><body><\/p>\n<p><strong>Diariodominicano.com<\/strong><\/p>\n<p><strong>Muere historiador Vetilio Alfau Dur\u00e1n<\/strong><\/p>\n<p><strong>Se distingui\u00f3 adem\u00e1s de historiador, como abogado y un experto en asuntos eclesi\u00e1sticos.<\/strong><\/p>\n<p><strong>Por HTN<\/strong><\/p>\n<p><strong>Diariodominicano.com<\/strong><\/p>\n<p><strong>SANTO DOMINGO, el  9 de marzo de 1985, <\/strong>muri\u00f3 en la ciudad de Santo Domingo, el historiador Vetilio Alfau Dur\u00e1n.<\/p>\n<\/p>\n<p>      Se distingui\u00f3 adem\u00e1s de historiador, como abogado y un experto en asuntos eclesi\u00e1sticos.<\/p>\n<\/p>\n<p>     Vetilio Alfau Dur\u00e1n hab\u00eda nacido en la ciudad de Hig\u00fcey, el 26 de abril de 1909.<\/p>\n<\/p>\n<h6> 2020-03-09 17:27:59 <\/h6>\n<p><!--\n<link rel=\"stylesheet\" href=\"css\/bootstrap.min.css\">\n\n\n<ul class=\"pagination\">\n\t    \n\t\n\n<li >\n\t<a href='?page_no=707'>Previous<\/a>\n\t<\/li>\n\n\n       \n    \n\n<li><a href='?page_no=1'>1<\/a><\/li>\n\n\n\n<li><a href='?page_no=2'>2<\/a><\/li>\n\n\n\n<li><a>...<\/a><\/li>\n\n\n\n<li><a href='?page_no=706'>706<\/a><\/li>\n\n\n\n<li><a href='?page_no=707'>707<\/a><\/li>\n\n\n\n<li class='active'><a>708<\/a><\/li>\n\n\n\n<li><a href='?page_no=709'>709<\/a><\/li>\n\n\n\n<li><a href='?page_no=710'>710<\/a><\/li>\n\n\n\n<li><a>...<\/a><\/li>\n\n\n\n<li><a href='?page_no=22911'>22911<\/a><\/li>\n\n\n\n<li><a href='?page_no=22912'>22912<\/a><\/li>\n\n    \n\t\n\n<li >\n\t<a href='?page_no=709'>Next<\/a>\n\t<\/li>\n\n\n    \n\n<li><a href='?page_no=22912'>Last &rsaquo;&rsaquo;<\/a><\/li>\n\n<\/ul>\n\n\n--><br \/>\n<\/body><\/p>\n","protected":false},"excerpt":{"rendered":"<p>Diariodominicano.com Muere historiador Vetilio Alfau Dur\u00e1n Se distingui\u00f3 adem\u00e1s de historiador, como abogado y un experto en asuntos eclesi\u00e1sticos. Por HTN Diariodominicano.com SANTO DOMINGO, el 9 de marzo de 1985, muri\u00f3 en la ciudad de Santo Domingo, el historiador Vetilio Alfau Dur\u00e1n. Se distingui\u00f3 adem\u00e1s de historiador, como abogado y un experto en asuntos eclesi\u00e1sticos. [&hellip;]<\/p>\n","protected":false},"author":3,"featured_media":0,"comment_status":"open","ping_status":"open","sticky":false,"template":"","format":"standard","meta":{"footnotes":""},"categories":[21],"tags":[],"class_list":["post-54995","post","type-post","status-publish","format-standard","hentry","category-cultura"],"_links":{"self":[{"href":"https:\/\/diariodominicano.com\/index.php?rest_route=\/wp\/v2\/posts\/54995","targetHints":{"allow":["GET"]}}],"collection":[{"href":"https:\/\/diariodominicano.com\/index.php?rest_route=\/wp\/v2\/posts"}],"about":[{"href":"https:\/\/diariodominicano.com\/index.php?rest_route=\/wp\/v2\/types\/post"}],"author":[{"embeddable":true,"href":"https:\/\/diariodominicano.com\/index.php?rest_route=\/wp\/v2\/users\/3"}],"replies":[{"embeddable":true,"href":"https:\/\/diariodominicano.com\/index.php?rest_route=%2Fwp%2Fv2%2Fcomments&post=54995"}],"version-history":[{"count":0,"href":"https:\/\/diariodominicano.com\/index.php?rest_route=\/wp\/v2\/posts\/54995\/revisions"}],"wp:attachment":[{"href":"https:\/\/diariodominicano.com\/index.php?rest_route=%2Fwp%2Fv2%2Fmedia&parent=54995"}],"wp:term":[{"taxonomy":"category","embeddable":true,"href":"https:\/\/diariodominicano.com\/index.php?rest_route=%2Fwp%2Fv2%2Fcategories&post=54995"},{"taxonomy":"post_tag","embeddable":true,"href":"https:\/\/diariodominicano.com\/index.php?rest_route=%2Fwp%2Fv2%2Ftags&post=54995"}],"curies":[{"name":"wp","href":"https:\/\/api.w.org\/{rel}","templated":true}]}}