{"id":549947,"date":"2024-08-05T11:44:43","date_gmt":"2024-08-05T15:44:43","guid":{"rendered":"https:\/\/diariodominicano.com\/?p=549947"},"modified":"2024-08-05T11:50:20","modified_gmt":"2024-08-05T15:50:20","slug":"america-latina-en-pantalla-gigantesergio-ferrari-desde-locarno-suiza","status":"publish","type":"post","link":"https:\/\/diariodominicano.com\/?p=549947","title":{"rendered":"Am\u00e9rica Latina en pantalla gigante Sergio Ferrari, desde Locarno, Suiza"},"content":{"rendered":"\n<p><strong><em>Locarno, festival pujante que refuerza su identidad<\/em><\/strong> <\/p>\n\n\n\n<p><strong>Am\u00e9rica Latina y el Caribe est\u00e1n presentes en la 77 edici\u00f3n del Festival Internacional de Cine de Locarno que se realiza del 7 al 17 de agosto en esta ciudad de la Suiza italiana.<\/strong><\/p>\n\n\n\n<p>La oferta este a\u00f1o del m\u00e1s internacional de los festivales cinematogr\u00e1ficos helv\u00e9ticos es un abanico de unas 220 pel\u00edculas que entre el 7 y el 17 de agosto se proyectar\u00e1n en espacios de todo tipo. En cines \u201ctradicionales\u201d; en el centro de exposiciones Palexpo FEVI, reconvertido con m\u00e1s de 3 mil asientos, as\u00ed como en la misma Piazza Grande (Plaza Grande) del siglo XVI, coraz\u00f3n hist\u00f3rico de la ciudad y metamorfoseada durante el festival en una de las m\u00e1s grandes \u201csalas a cielo abierto\u201d del mundo. Con una superficie de 6.900 metros cuadrados y una pantalla gigante de 364 metros cuadrados (26 por 14), y con un alcance visual y de sonido de primera calidad hasta cien metros, cada noche puede acomodar 8 mil espectadores sentados.<br><\/p>\n\n\n\n<figure class=\"wp-block-gallery has-nested-images columns-default is-cropped wp-block-gallery-1 is-layout-flex wp-block-gallery-is-layout-flex\">\n<figure class=\"wp-block-image size-large\"><img loading=\"lazy\" decoding=\"async\" width=\"1024\" height=\"768\" data-id=\"549960\" src=\"https:\/\/diariodominicano.com\/wp-content\/uploads\/2024\/08\/La-pantalla-gigante-de-mas-de-360-metros-cuadrados-de-la-Piazza-Grande-centro-simbolico-del-Festival-de-Cine-de-Locarno-_-Foto-Sergio-Ferrari-1.jpg\" alt=\"\" class=\"wp-image-549960\" srcset=\"https:\/\/diariodominicano.com\/wp-content\/uploads\/2024\/08\/La-pantalla-gigante-de-mas-de-360-metros-cuadrados-de-la-Piazza-Grande-centro-simbolico-del-Festival-de-Cine-de-Locarno-_-Foto-Sergio-Ferrari-1.jpg 1024w, https:\/\/diariodominicano.com\/wp-content\/uploads\/2024\/08\/La-pantalla-gigante-de-mas-de-360-metros-cuadrados-de-la-Piazza-Grande-centro-simbolico-del-Festival-de-Cine-de-Locarno-_-Foto-Sergio-Ferrari-1-300x225.jpg 300w, https:\/\/diariodominicano.com\/wp-content\/uploads\/2024\/08\/La-pantalla-gigante-de-mas-de-360-metros-cuadrados-de-la-Piazza-Grande-centro-simbolico-del-Festival-de-Cine-de-Locarno-_-Foto-Sergio-Ferrari-1-768x576.jpg 768w, https:\/\/diariodominicano.com\/wp-content\/uploads\/2024\/08\/La-pantalla-gigante-de-mas-de-360-metros-cuadrados-de-la-Piazza-Grande-centro-simbolico-del-Festival-de-Cine-de-Locarno-_-Foto-Sergio-Ferrari-1-816x612.jpg 816w\" sizes=\"auto, (max-width: 1024px) 100vw, 1024px\" \/><\/figure>\n<\/figure>\n\n\n\n<p><br>Mucho m\u00e1s cerca de Milano (apenas 115 kil\u00f3metros) que de Berna, la capital suiza (270 kil\u00f3metros), durante once d\u00edas Locarno universaliza su perfil cultural. Y se convierte en una convocatoria internacional de primer nivel del cine de autor, donde la personalidad del realizador se impone sobre cualquier condicionamiento, incluso por encima de los intereses de la distribuci\u00f3n comercial en las grandes salas.<\/p>\n\n\n\n<figure class=\"wp-block-gallery has-nested-images columns-default is-cropped wp-block-gallery-2 is-layout-flex wp-block-gallery-is-layout-flex\">\n<figure class=\"wp-block-image size-large\"><img loading=\"lazy\" decoding=\"async\" width=\"1024\" height=\"594\" data-id=\"549958\" src=\"https:\/\/diariodominicano.com\/wp-content\/uploads\/2024\/08\/Jovenes-realizadores-de-America-Latina-y-el-Caribe-animan-la-seccion-Puertas-Abiertas_-Foto-de-la-edicion-2023-Festival-de-Locarno.jpg\" alt=\"\" class=\"wp-image-549958\" srcset=\"https:\/\/diariodominicano.com\/wp-content\/uploads\/2024\/08\/Jovenes-realizadores-de-America-Latina-y-el-Caribe-animan-la-seccion-Puertas-Abiertas_-Foto-de-la-edicion-2023-Festival-de-Locarno.jpg 1024w, https:\/\/diariodominicano.com\/wp-content\/uploads\/2024\/08\/Jovenes-realizadores-de-America-Latina-y-el-Caribe-animan-la-seccion-Puertas-Abiertas_-Foto-de-la-edicion-2023-Festival-de-Locarno-300x174.jpg 300w, https:\/\/diariodominicano.com\/wp-content\/uploads\/2024\/08\/Jovenes-realizadores-de-America-Latina-y-el-Caribe-animan-la-seccion-Puertas-Abiertas_-Foto-de-la-edicion-2023-Festival-de-Locarno-768x446.jpg 768w, https:\/\/diariodominicano.com\/wp-content\/uploads\/2024\/08\/Jovenes-realizadores-de-America-Latina-y-el-Caribe-animan-la-seccion-Puertas-Abiertas_-Foto-de-la-edicion-2023-Festival-de-Locarno-816x473.jpg 816w\" sizes=\"auto, (max-width: 1024px) 100vw, 1024px\" \/><figcaption class=\"wp-element-caption\">A moment during the Open Doors Award Ceremony at the 74 Locarno Film Festival, Forum @Rotonda by La Mobiliare, Locarno, Tuesday, 10 August 2021.<\/figcaption><\/figure>\n<\/figure>\n\n\n\n<p><br><br>Fundado en 1946, justo despu\u00e9s del de Venecia (Italia) y en paralelo con el de Cannes (Francia), pero antes que la Berlinale (Alemania,1951) y el de San Sebasti\u00e1n (Espa\u00f1a, 1953), el Festival Internacional de Cine de Locarno es uno de los tres m\u00e1s antiguos del continente y hoy se encuentra entre los 15 principales eventos europeos del g\u00e9nero (<em><a href=\"https:\/\/www.locarnfestival.ch\/home.html\" target=\"_blank\" rel=\"noreferrer noopener\">https:\/\/www.locarnfestival.ch\/home.html<\/a><\/em>).<\/p>\n\n\n\n<figure class=\"wp-block-gallery has-nested-images columns-default is-cropped wp-block-gallery-3 is-layout-flex wp-block-gallery-is-layout-flex\">\n<figure class=\"wp-block-image size-large\"><img loading=\"lazy\" decoding=\"async\" width=\"998\" height=\"768\" data-id=\"549954\" src=\"https:\/\/diariodominicano.com\/wp-content\/uploads\/2024\/08\/Giona-Nazzaro-director-artistico-del-Festival-Internacional-de-Cine-de-Locarno_-Foto-Festival-de-Locarno.jpg\" alt=\"\" class=\"wp-image-549954\" srcset=\"https:\/\/diariodominicano.com\/wp-content\/uploads\/2024\/08\/Giona-Nazzaro-director-artistico-del-Festival-Internacional-de-Cine-de-Locarno_-Foto-Festival-de-Locarno.jpg 998w, https:\/\/diariodominicano.com\/wp-content\/uploads\/2024\/08\/Giona-Nazzaro-director-artistico-del-Festival-Internacional-de-Cine-de-Locarno_-Foto-Festival-de-Locarno-300x231.jpg 300w, https:\/\/diariodominicano.com\/wp-content\/uploads\/2024\/08\/Giona-Nazzaro-director-artistico-del-Festival-Internacional-de-Cine-de-Locarno_-Foto-Festival-de-Locarno-768x591.jpg 768w, https:\/\/diariodominicano.com\/wp-content\/uploads\/2024\/08\/Giona-Nazzaro-director-artistico-del-Festival-Internacional-de-Cine-de-Locarno_-Foto-Festival-de-Locarno-816x628.jpg 816w\" sizes=\"auto, (max-width: 998px) 100vw, 998px\" \/><figcaption class=\"wp-element-caption\">Giona A. Nazzaro, Artistic Director on the PIazza Grande stage of the 75 Locarno Film Festival, Locarno, Wednesday, 03 August 2022.<\/figcaption><\/figure>\n<\/figure>\n\n\n\n<p>Seg\u00fan su director art\u00edstico, Giona Nazzaro, esta\u00a0<em>77\u00aa<\/em><em>\u00a0edici\u00f3n encarna \u201cla excelencia del cine contempor\u00e1neo [pues] nos hemos interesado en destacar pel\u00edculas que, si bien traspasan los l\u00edmites del cine, tambi\u00e9n buscan entablar una conversaci\u00f3n m\u00e1s profunda con el p\u00fablico\u201d. Nazzaro agrega: \u201cde esta forma, el Festival contin\u00faa posicion\u00e1ndose como una plataforma al servicio del di\u00e1logo interseccional\u201d y remarca que \u201cla programaci\u00f3n presenta a cineastas de renombre, al tiempo que destaca a estrellas en ascenso que se perfilan ya como figuras importantes del cine del ma\u00f1ana\u201d.<\/em><\/p>\n\n\n\n<figure class=\"wp-block-gallery has-nested-images columns-default is-cropped wp-block-gallery-4 is-layout-flex wp-block-gallery-is-layout-flex\">\n<figure class=\"wp-block-image size-large\"><img loading=\"lazy\" decoding=\"async\" width=\"1024\" height=\"576\" data-id=\"549955\" src=\"https:\/\/diariodominicano.com\/wp-content\/uploads\/2024\/08\/Pelicula-Reinas-que-se-presenta-en-la-Piazza-Grande-de-Locarno-1024x576.jpeg\" alt=\"\" class=\"wp-image-549955\" srcset=\"https:\/\/diariodominicano.com\/wp-content\/uploads\/2024\/08\/Pelicula-Reinas-que-se-presenta-en-la-Piazza-Grande-de-Locarno-1024x576.jpeg 1024w, https:\/\/diariodominicano.com\/wp-content\/uploads\/2024\/08\/Pelicula-Reinas-que-se-presenta-en-la-Piazza-Grande-de-Locarno-300x169.jpeg 300w, https:\/\/diariodominicano.com\/wp-content\/uploads\/2024\/08\/Pelicula-Reinas-que-se-presenta-en-la-Piazza-Grande-de-Locarno-768x432.jpeg 768w, https:\/\/diariodominicano.com\/wp-content\/uploads\/2024\/08\/Pelicula-Reinas-que-se-presenta-en-la-Piazza-Grande-de-Locarno-1536x864.jpeg 1536w, https:\/\/diariodominicano.com\/wp-content\/uploads\/2024\/08\/Pelicula-Reinas-que-se-presenta-en-la-Piazza-Grande-de-Locarno-816x459.jpeg 816w, https:\/\/diariodominicano.com\/wp-content\/uploads\/2024\/08\/Pelicula-Reinas-que-se-presenta-en-la-Piazza-Grande-de-Locarno.jpeg 1920w\" sizes=\"auto, (max-width: 1024px) 100vw, 1024px\" \/><\/figure>\n<\/figure>\n\n\n\n<p>En cuanto a las pel\u00edculas programadas, Locarno las presenta como \u201cgrandes pel\u00edculas de todo el mundo, estrenos internacionales o mundiales, lo mejor del panorama cinematogr\u00e1fico contempor\u00e1neo, de autores consagrados y talentos emergentes, formas cl\u00e1sicas y experimentales\u201d.<\/p>\n\n\n\n<figure class=\"wp-block-gallery has-nested-images columns-default is-cropped wp-block-gallery-5 is-layout-flex wp-block-gallery-is-layout-flex\">\n<figure class=\"wp-block-image size-large\"><img loading=\"lazy\" decoding=\"async\" width=\"1024\" height=\"576\" data-id=\"549957\" src=\"https:\/\/diariodominicano.com\/wp-content\/uploads\/2024\/08\/Mexico-86-film-del-realizador-gutemalteco-Cesar-Diaz-se-proyectara-en-la-Plaza-Grande-de-Locarno-en-el-marco-del-Festival-Internacional-de-Cine-Foto-libre-uso.jpg\" alt=\"\" class=\"wp-image-549957\" srcset=\"https:\/\/diariodominicano.com\/wp-content\/uploads\/2024\/08\/Mexico-86-film-del-realizador-gutemalteco-Cesar-Diaz-se-proyectara-en-la-Plaza-Grande-de-Locarno-en-el-marco-del-Festival-Internacional-de-Cine-Foto-libre-uso.jpg 1024w, https:\/\/diariodominicano.com\/wp-content\/uploads\/2024\/08\/Mexico-86-film-del-realizador-gutemalteco-Cesar-Diaz-se-proyectara-en-la-Plaza-Grande-de-Locarno-en-el-marco-del-Festival-Internacional-de-Cine-Foto-libre-uso-300x169.jpg 300w, https:\/\/diariodominicano.com\/wp-content\/uploads\/2024\/08\/Mexico-86-film-del-realizador-gutemalteco-Cesar-Diaz-se-proyectara-en-la-Plaza-Grande-de-Locarno-en-el-marco-del-Festival-Internacional-de-Cine-Foto-libre-uso-768x432.jpg 768w, https:\/\/diariodominicano.com\/wp-content\/uploads\/2024\/08\/Mexico-86-film-del-realizador-gutemalteco-Cesar-Diaz-se-proyectara-en-la-Plaza-Grande-de-Locarno-en-el-marco-del-Festival-Internacional-de-Cine-Foto-libre-uso-816x459.jpg 816w\" sizes=\"auto, (max-width: 1024px) 100vw, 1024px\" \/><\/figure>\n<\/figure>\n\n\n\n<p><em><strong>Desde el \u201cnuevo\u201d mundo<\/strong><\/em><\/p>\n\n\n\n<p><em>A pesar de la preeminencia de filmes suizos, italianos, franceses y estadounidenses, como es habitual en la programaci\u00f3n locarnesa, en esta presente edici\u00f3n la producci\u00f3n iberoamericana tiene su espacio asegurado: no solo en lo que respecta al origen de las obras sino tambi\u00e9n a sus tem\u00e1ticas.<\/em><\/p>\n\n\n\n<figure class=\"wp-block-gallery has-nested-images columns-default is-cropped wp-block-gallery-6 is-layout-flex wp-block-gallery-is-layout-flex\">\n<figure class=\"wp-block-image size-large\"><img loading=\"lazy\" decoding=\"async\" width=\"768\" height=\"960\" data-id=\"549952\" src=\"https:\/\/diariodominicano.com\/wp-content\/uploads\/2024\/08\/Afiche-de-la-77-edicion-del-Festival-de-Cine-de-Locarno_-Con-el-transfondo-de-esa-ciudad-alpina-y-la-imagen-de-un-leopardo-simbolo-del-festival-y-figura-de-la-estatuilla-de-los-premios.jpg\" alt=\"\" class=\"wp-image-549952\" srcset=\"https:\/\/diariodominicano.com\/wp-content\/uploads\/2024\/08\/Afiche-de-la-77-edicion-del-Festival-de-Cine-de-Locarno_-Con-el-transfondo-de-esa-ciudad-alpina-y-la-imagen-de-un-leopardo-simbolo-del-festival-y-figura-de-la-estatuilla-de-los-premios.jpg 768w, https:\/\/diariodominicano.com\/wp-content\/uploads\/2024\/08\/Afiche-de-la-77-edicion-del-Festival-de-Cine-de-Locarno_-Con-el-transfondo-de-esa-ciudad-alpina-y-la-imagen-de-un-leopardo-simbolo-del-festival-y-figura-de-la-estatuilla-de-los-premios-240x300.jpg 240w\" sizes=\"auto, (max-width: 768px) 100vw, 768px\" \/><\/figure>\n<\/figure>\n\n\n\n<p><em>Un r\u00e1pido recorrido de las&nbsp;<\/em>18 pel\u00edculas a proyectarse en la Piazza Grande &#8211;entre las cuales se anticipa 6 estrenos mundiales&#8211; lo ejemplifica. Entre otras,&nbsp;<em>Reinas<\/em>, producci\u00f3n suiza-espa\u00f1ola-peruana dirigida por Claudia Reynicke, ambientada en ese pa\u00eds sudamericano y atravesada por la tem\u00e1tica familiar de la emigraci\u00f3n forzada. Tambi\u00e9n&nbsp;<em>M\u00e9xico 86<\/em>, una coproducci\u00f3n mexicana-belga-francesa del realizador guatemalteco-belga C\u00e9sar D\u00edaz, la cual explora la compleja tensi\u00f3n entre maternidad y lucha revolucionaria. Y&nbsp;<em>Gaucho Gaucho<\/em>, coproducci\u00f3n documental argentina-estadounidense dirigida por Michael Dweck y Gregory Kerschaw y premiada en el Festival de Sundace 2024, la cual describe en blanco y negro y con una mirada casi antropol\u00f3gica la vida cotidiana actual en la pampa argentina y los c\u00f3digos propios de un grupo de sus habitantes \u201ctradicionales\u201d.<br>&nbsp;<br>Tambi\u00e9n en la Piazza Grande el prestigioso director, guionista, actor y productor mexicano&nbsp;Alfonso Cuar\u00f3n&nbsp;ser\u00e1 uno los cineastas y actores homenajeados por su trayectoria profesional. Ganador del Oscar en varias ocasiones, Cuar\u00f3n animar\u00e1 el 11 de agosto un debate abierto, modalidad muy particular de Locarno, donde, a diferencia de otros festivales internacionales, el p\u00fablico puede participar abiertamente y sin restricci\u00f3n alguna.<\/p>\n\n\n\n<p>Mundialmente famoso&nbsp;como guionista y director de varias pel\u00edculas aclamadas por la cr\u00edtica y el p\u00fablico (<em>Roma<\/em>,&nbsp;<em>Y tu mam\u00e1 tambi\u00e9n, Gravity&nbsp;<\/em>y&nbsp;<em>Sons of Man<\/em>), su pr\u00f3ximo proyecto&nbsp;es&nbsp;<em>Disclaimer,<\/em>&nbsp;una serie realizada para Apple TV+ y cuyo lanzamiento est\u00e1 previsto para octubre. En 2022, Cuar\u00f3n produjo el cortometraje&nbsp;<em>The Pupil<\/em>, de la italiana Alice Rohrwacher, nominado en siete categor\u00edas del Oscar 2023.<\/p>\n\n\n\n<p><strong>Iberoam\u00e9rica tambi\u00e9n existe<br><br><\/strong><em>Fogo do Vento (Fuego del Viento),&nbsp;<\/em>coproducci\u00f3n suiza-portuguesade la joven directora lusitana Marta Mateus, es una de las 17 pel\u00edculas que en Locarno competir\u00e1n por el Leopardo de Oro, el m\u00e1ximo premio de 75 mil francos suizos (unos 80 mil d\u00f3lares). Seg\u00fan Mateus, su obra convoca \u201ca nuestros muertos, nuestros recuerdos y nuestra historia\u2026 imaginando el cine con su don de brujer\u00eda\u201d.<\/p>\n\n\n\n<p>La directora catalana Mar Coll presentar\u00e1 en la misma secci\u00f3n su \u00faltima obra,&nbsp;<em>Salve Mar\u00eda,<\/em>&nbsp;a trav\u00e9s de la cual explora la inquietante figura de una madre convulsionada luego de haber matado a sus dos hijos gemelos de solo 10 meses.<br><br>La directora sudafricana Pia Marais llega a Locarno con&nbsp;<em>Transamazonia,&nbsp;<\/em>su obra m\u00e1s reciente y resultado de una coproducci\u00f3n francesa-alemana-taiwanesa-suiza-brasilera. Narra las tensiones causadas por la invasi\u00f3n de tierras en la regi\u00f3n amaz\u00f3nica, as\u00ed como la cotidianeidad en la selva y la muy especial relaci\u00f3n de un padre con su hija.<br><br>Las tres pel\u00edculas producidas por iberoamericanos, o con tem\u00e1ticas iberoamericanas, y que aspiran al Leopardo de Oro, tienen un com\u00fan denominador: un joven y renovado cine de autor realizado por mujeres. Todo esto en un Festival que sigue haciendo un esfuerzo significativo por avanzar con la paridad de g\u00e9neros tanto de sus participantes como de sus protagonistas.<br><br>En la secci\u00f3n Leopardos de Ma\u00f1ana (Pardi de Domani), la segunda en importancia, 3 de los cortometrajes y largometrajes internacionales en competici\u00f3n llevan un sello iberoamericano.&nbsp;<em>Hanami&nbsp;<\/em>(Suiza, Portugal, Cabo Verde), de la joven realizadora Denise Fernandes;&nbsp;<em>Mon\u00f3logo Colectivo<\/em>,de la directora argentina-brit\u00e1nica Jessica Sarah Rinland y&nbsp;<em>Olivia y las Nubes,&nbsp;<\/em>del joven director dominicano Tom\u00e1s Pichardo-Espaillat.<\/p>\n\n\n\n<p>Tal como lo definen los organizadores del festival, la secci\u00f3n Leopardos de Ma\u00f1ana representa \u201cun campo de investigaci\u00f3n expresiva y po\u00e9tica en formatos innovadores\u201d. Dividida en tres competencias (internacional, con obras de autores emergentes de todo el mundo; nacional, reservada a producciones helv\u00e9ticas, y la de cortos), esta secci\u00f3n \u201cpresenta cortometrajes y mediometrajes en estreno mundial o internacional, trazando los caminos inexplorados que el cine del ma\u00f1ana podr\u00eda recorrer\u201d. &nbsp;&nbsp;<\/p>\n\n\n\n<p><strong>Cine joven latinoamericano y caribe\u00f1o<\/strong><\/p>\n\n\n\n<p>Puertas Abiertas (Open Doors), otra de las secciones m\u00e1s destacadas de Locarno, es parte de un proyecto trianual y cuenta con el apoyo de COSUDE (Agencia Suiza para el Desarrollo y la Cooperaci\u00f3n). Seg\u00fan sus organizadores, Puertas Abiertas busca \u201capoyar y poner de relieve los talentos y las pel\u00edculas de los pa\u00edses donde el cine independiente es m\u00e1s fr\u00e1gil\u201d. Formaci\u00f3n, intercambio y creaci\u00f3n de contactos integran la propuesta de esta secci\u00f3n, que para el periodo 2022-2024 ha puesto su mirada en Am\u00e9rica Latina y el Caribe. Su directora explica que \u201cNos&nbsp;centramos en pa\u00edses que suelen estar infrarrepresentados en el panorama cinematogr\u00e1fico internacional. En esas regiones, el principal desaf\u00edo es crear pel\u00edculas en entornos sumamente inestables, tanto a nivel pol\u00edtico como social\u201d. Entre los largometrajes, Locarno podr\u00e1 apreciar&nbsp;<em>Eami,&nbsp;<\/em>de la realizadora paraguaya Paz Encina;&nbsp;<em>La Bachata de Bionico,&nbsp;<\/em>del dominicano Yoel Morales;&nbsp;<em>La piel del agua,&nbsp;<\/em>coproducci\u00f3n costarricense-chilena, de Patricia Vel\u00e1squez;&nbsp;<em>La playa de los enchaquirados,&nbsp;<\/em>del joven realizador ecuatoriano Iv\u00e1n Mora Manzano; Los cap\u00edtulos perdidos, coproducci\u00f3n venezolana-estadounidense, de la directora venezolana Lorena Alvarado;&nbsp;<em>Ra\u00edz,<\/em>&nbsp;del peruano Franco Garc\u00eda Becerra, y&nbsp;<em>Uncivilized<\/em>, de Michael Lees, de Dominica.<\/p>\n\n\n\n<p>Adem\u00e1s, en Puertas Abiertas se presentar\u00e1n tambi\u00e9n cortometrajes y proyectos cinematogr\u00e1ficos en elaboraci\u00f3n, provenientes de muy diversos pa\u00edses del continente, entre los cuales, Cuba, M\u00e9xico, Venezuela, Ecuador, Colombia, Per\u00fa, Bolivia, Paraguay, Nicaragua, Rep\u00fablica Dominicana, El Salvador, Jamaica y Hait\u00ed (<em><a href=\"https:\/\/www.locarnofestival.ch\/festival\/film-sections\/open-doors-screenings.html\" rel=\"noreferrer noopener\" target=\"_blank\">https:\/\/www.locarnofestival.ch\/festival\/film-sections\/open-doors-screenings.html<\/a><\/em>).<\/p>\n\n\n\n<p><strong>Ratificar su identidad<br><\/strong><br>El Festival de Locarno&nbsp;apuesta a un tipo de cine diferente, renovador, incluso conspirativo por sus formas y contenidos. Constituye una de las bocanadas de aire fresco en la promoci\u00f3n cinematogr\u00e1fica en Europa. Busca abrir al mundo y oxigenar cultural y cinematogr\u00e1ficamente a Suiza, una&nbsp;<em>isla&nbsp;<\/em>alpina de apenas 41 mil kil\u00f3metros cuadrados. Todo esto, sin cerrarse al decisivo aporte financiero del sector p\u00fablico y privado. Reivindic\u00e1ndose \u2013tal vez exageradamente&#8211;&nbsp;como \u201cla&nbsp;capital mundial del cine de autor\u201d. Ese que, tradicionalmente, se contrapone a la \u201cf\u00f3rmula Hollywood\u201d y que muchas veces se entrelaza con el cine independiente, del que va de la mano, preservando as\u00ed su propia identidad.<br><br><br><em><\/em><br><strong>Sergio Ferrari<\/strong><strong><em>Journaliste RP\/periodista RP<\/em><\/strong><strong>Tel: (00 41) 078 859 02 44<br><a href=\"mailto:sergioechanger@yahoo.fr\" target=\"_blank\" rel=\"noreferrer noopener\">sergioechanger@yahoo.fr<\/a><\/strong><\/p>\n","protected":false},"excerpt":{"rendered":"<p>Locarno, festival pujante que refuerza su identidad Am\u00e9rica Latina y el Caribe est\u00e1n presentes en la 77 edici\u00f3n del Festival Internacional de Cine de Locarno que se realiza del 7 al 17 de agosto en esta ciudad de la Suiza italiana. La oferta este a\u00f1o del m\u00e1s internacional de los festivales cinematogr\u00e1ficos helv\u00e9ticos es un [&hellip;]<\/p>\n","protected":false},"author":7,"featured_media":549962,"comment_status":"closed","ping_status":"closed","sticky":false,"template":"","format":"standard","meta":{"footnotes":""},"categories":[25],"tags":[],"class_list":["post-549947","post","type-post","status-publish","format-standard","has-post-thumbnail","hentry","category-gente"],"_links":{"self":[{"href":"https:\/\/diariodominicano.com\/index.php?rest_route=\/wp\/v2\/posts\/549947","targetHints":{"allow":["GET"]}}],"collection":[{"href":"https:\/\/diariodominicano.com\/index.php?rest_route=\/wp\/v2\/posts"}],"about":[{"href":"https:\/\/diariodominicano.com\/index.php?rest_route=\/wp\/v2\/types\/post"}],"author":[{"embeddable":true,"href":"https:\/\/diariodominicano.com\/index.php?rest_route=\/wp\/v2\/users\/7"}],"replies":[{"embeddable":true,"href":"https:\/\/diariodominicano.com\/index.php?rest_route=%2Fwp%2Fv2%2Fcomments&post=549947"}],"version-history":[{"count":3,"href":"https:\/\/diariodominicano.com\/index.php?rest_route=\/wp\/v2\/posts\/549947\/revisions"}],"predecessor-version":[{"id":549966,"href":"https:\/\/diariodominicano.com\/index.php?rest_route=\/wp\/v2\/posts\/549947\/revisions\/549966"}],"wp:featuredmedia":[{"embeddable":true,"href":"https:\/\/diariodominicano.com\/index.php?rest_route=\/wp\/v2\/media\/549962"}],"wp:attachment":[{"href":"https:\/\/diariodominicano.com\/index.php?rest_route=%2Fwp%2Fv2%2Fmedia&parent=549947"}],"wp:term":[{"taxonomy":"category","embeddable":true,"href":"https:\/\/diariodominicano.com\/index.php?rest_route=%2Fwp%2Fv2%2Fcategories&post=549947"},{"taxonomy":"post_tag","embeddable":true,"href":"https:\/\/diariodominicano.com\/index.php?rest_route=%2Fwp%2Fv2%2Ftags&post=549947"}],"curies":[{"name":"wp","href":"https:\/\/api.w.org\/{rel}","templated":true}]}}