{"id":549855,"date":"2024-08-04T22:48:35","date_gmt":"2024-08-05T02:48:35","guid":{"rendered":"https:\/\/diariodominicano.com\/?p=549855"},"modified":"2024-08-04T22:51:20","modified_gmt":"2024-08-05T02:51:20","slug":"el-guajiro-cubano-es-la-estampa-laboral-de-la-migracion-canaria-fotos","status":"publish","type":"post","link":"https:\/\/diariodominicano.com\/?p=549855","title":{"rendered":"El guajiro cubano es la estampa laboral de la migraci\u00f3n canaria (+Fotos)"},"content":{"rendered":"\n<figure class=\"wp-block-image\"><img decoding=\"async\" src=\"https:\/\/www.prensa-latina.cu\/wp-content\/uploads\/2024\/08\/Campesinos-actuales-1.jpg\" alt=\"\" class=\"wp-image-1115641\"\/><\/figure>\n\n\n\n<p>Sancti Sp\u00edritus, Cuba, 4 ago (Prensa Latina) Viajar por la campi\u00f1a de esta central provincia cubana, es hoy recordatorio vivo de la presencia isle\u00f1a, del hombre de campo ataviado con sombrero de guano, camisa y pantalones amplios, botas y machete al cinto.<\/p>\n\n\n\n<ul class=\"wp-block-list\">\n<li><a href=\"https:\/\/www.prensa-latina.cu\/2024\/08\/04\/\"><time>agosto 4, 2024 | 16:34<\/time><\/a><\/li>\n<\/ul>\n\n\n\n<ul class=\"wp-block-list\">\n<li><a href=\"https:\/\/www.prensa-latina.cu\/2024\/08\/04\/el-guajiro-cubano-es-la-estampa-laboral-de-la-migracion-canaria\/#\"><\/a><\/li>\n\n\n\n<li><a href=\"https:\/\/www.prensa-latina.cu\/2024\/08\/04\/el-guajiro-cubano-es-la-estampa-laboral-de-la-migracion-canaria\/#\"><\/a><\/li>\n\n\n\n<li><a href=\"https:\/\/www.prensa-latina.cu\/2024\/08\/04\/el-guajiro-cubano-es-la-estampa-laboral-de-la-migracion-canaria\/#\"><\/a><\/li>\n\n\n\n<li><a href=\"https:\/\/www.prensa-latina.cu\/2024\/08\/04\/el-guajiro-cubano-es-la-estampa-laboral-de-la-migracion-canaria\/#\"><\/a><\/li>\n<\/ul>\n\n\n<div class=\"wp-block-image\">\n<figure class=\"aligncenter\"><img decoding=\"async\" src=\"https:\/\/www.prensa-latina.cu\/wp-content\/uploads\/2024\/08\/isleos-3.jpg\" alt=\"\" class=\"wp-image-1115640\"\/><\/figure>\n<\/div>\n\n\n<p>Para los estudiosos, los llegados de las Islas Canarias se integran a las labores agr\u00edcolas y crea el arquetipo cultural del \u00abguajiro\u00bb, vocablo usado para llamar a los campesinos en la Mayor de las Antillas.<\/p>\n\n\n<div class=\"wp-block-image\">\n<figure class=\"aligncenter\"><img decoding=\"async\" src=\"https:\/\/www.prensa-latina.cu\/wp-content\/uploads\/2024\/08\/isleos-1.jpg\" alt=\"\" class=\"wp-image-1115642\"\/><\/figure>\n<\/div>\n\n\n<p>Las tierras, poblados y bateyes recibieron en los siglos XVIII para bien la migraci\u00f3n de Las Afortunadas, y sumaron al desarrollo de esta zona central de Cuba, con fuerte presencia en los municipios de Cabaigu\u00e1n y Taguasco, atra\u00eddos por el desarrollo del cultivo del tabaco.<\/p>\n\n\n\n<p><\/p>\n\n\n<div class=\"wp-block-image\">\n<figure class=\"aligncenter\"><img decoding=\"async\" src=\"https:\/\/www.prensa-latina.cu\/wp-content\/uploads\/2024\/08\/isleos-4.jpg\" alt=\"\" class=\"wp-image-1115639\"\/><\/figure>\n<\/div>\n\n\n<p>Seg\u00fan la historiadora de Sancti Sp\u00edritus, Mar\u00eda Antonieta Jim\u00e9nez, las relaciones canario-cubanas desde los primeros momentos fueron s\u00f3lidas y en la actualidad ese intercambio familiar sigue presente en las nuevas generaciones, afirma.<\/p>\n\n\n<div class=\"wp-block-image\">\n<figure class=\"aligncenter\"><img decoding=\"async\" src=\"https:\/\/www.prensa-latina.cu\/wp-content\/uploads\/2024\/08\/isleos-2.jpg\" alt=\"\" class=\"wp-image-1115638\"\/><\/figure>\n<\/div>\n\n\n<p>La mayor\u00eda de la poblaci\u00f3n cubana vive orgullosa de llevar un apellido isle\u00f1o, descendiente incluso de los primeros canarios, y comenta: Crist\u00f3bal Col\u00f3n descubri\u00f3 a Cuba el 27 de octubre de 1492, fecha en que tambi\u00e9n alg\u00fan isle\u00f1o pis\u00f3 tierra cubana.<\/p>\n\n\n\n<p>Cronistas del Archipi\u00e9lago Canario relacionan que durante la primera mitad del siglo XVI en las expediciones, aparte de marineros y soldados, embarcaron agricultores para satisfacer la demanda de cierto personal id\u00f3neo y necesario en los cultivos del campo.<\/p>\n\n\n\n<p>Se afirma que Crist\u00f3bal Col\u00f3n en el segundo viaje embarc\u00f3 un guanche \u2013aborigen de Tenerife- como int\u00e9rprete para comunicarse con ind\u00edgenas de tierras a conquistar y en el cuarto al pasar por las Islas Canarias enrol\u00f3 lugare\u00f1os en su expedici\u00f3n.<\/p>\n\n\n\n<p>El cronista Manuel Hern\u00e1ndez, en su estudio Isle\u00f1os en Cuba, estima que despu\u00e9s de 1882 arribaron al continente americano m\u00e1s de tres millones y medio de espa\u00f1oles, de los cuales un tercio fue acogido por la Isla caribe\u00f1a.<\/p>\n\n\n\n<p>La mayor\u00eda se estableci\u00f3 en el territorio habanero, mientras otros decidieron buscar fortuna en la regi\u00f3n central, en especial en las zonas tabacaleras (Remedios, Santa Clara y Sancti Sp\u00edritus).<\/p>\n\n\n\n<p>En la zona m\u00e1s oriental la presencia canaria fue escasa, con excepci\u00f3n de Camag\u00fcey (antigua Puerto Pr\u00edncipe, villa fundada en 1514 por los espa\u00f1oles), donde benefici\u00f3 el desarrollo ganadero.<\/p>\n\n\n\n<p>Datos de la \u00e9poca revelan adem\u00e1s que, en la primera mitad del XVIII, cerca del 50 por ciento de los colonizadores proven\u00edan de las islas espa\u00f1olas. Entre 1913 y 1914 Cuba acog\u00eda a m\u00e1s del 85 por ciento de quienes salieron por el puerto de La Palma.<\/p>\n\n\n\n<p>Los emigrantes se convirtieron, en primera instancia, en el motor impulsor del desarrollo tabacalero y posteriormente de la industria azucarera.<\/p>\n\n\n\n<p>Tienen en su historial ser promotores de la fundaci\u00f3n de Matanzas (1693), Sagua, San Carlos de Nuevitas, Manzanillo y Santiago de las Vegas.<\/p>\n\n\n\n<p>Los \u00abguanches\u00bb, gentilicio que se generalizar\u00eda para denominar a los pobladores de las Islas Canarias, llegaron a Am\u00e9rica con su devoci\u00f3n a la Virgen de la Candelaria, surgida en Tenerife en el siglo XIV, y sus tradiciones.<\/p>\n\n\n\n<p>jha\/rga<\/p>\n","protected":false},"excerpt":{"rendered":"<p>Sancti Sp\u00edritus, Cuba, 4 ago (Prensa Latina) Viajar por la campi\u00f1a de esta central provincia cubana, es hoy recordatorio vivo de la presencia isle\u00f1a, del hombre de campo ataviado con sombrero de guano, camisa y pantalones amplios, botas y machete al cinto. Para los estudiosos, los llegados de las Islas Canarias se integran a las [&hellip;]<\/p>\n","protected":false},"author":28,"featured_media":549860,"comment_status":"closed","ping_status":"closed","sticky":true,"template":"","format":"standard","meta":{"footnotes":""},"categories":[36,26],"tags":[],"class_list":["post-549855","post","type-post","status-publish","format-standard","has-post-thumbnail","hentry","category-hombresmujeresycosas","category-efemerides"],"_links":{"self":[{"href":"https:\/\/diariodominicano.com\/index.php?rest_route=\/wp\/v2\/posts\/549855","targetHints":{"allow":["GET"]}}],"collection":[{"href":"https:\/\/diariodominicano.com\/index.php?rest_route=\/wp\/v2\/posts"}],"about":[{"href":"https:\/\/diariodominicano.com\/index.php?rest_route=\/wp\/v2\/types\/post"}],"author":[{"embeddable":true,"href":"https:\/\/diariodominicano.com\/index.php?rest_route=\/wp\/v2\/users\/28"}],"replies":[{"embeddable":true,"href":"https:\/\/diariodominicano.com\/index.php?rest_route=%2Fwp%2Fv2%2Fcomments&post=549855"}],"version-history":[{"count":2,"href":"https:\/\/diariodominicano.com\/index.php?rest_route=\/wp\/v2\/posts\/549855\/revisions"}],"predecessor-version":[{"id":549861,"href":"https:\/\/diariodominicano.com\/index.php?rest_route=\/wp\/v2\/posts\/549855\/revisions\/549861"}],"wp:featuredmedia":[{"embeddable":true,"href":"https:\/\/diariodominicano.com\/index.php?rest_route=\/wp\/v2\/media\/549860"}],"wp:attachment":[{"href":"https:\/\/diariodominicano.com\/index.php?rest_route=%2Fwp%2Fv2%2Fmedia&parent=549855"}],"wp:term":[{"taxonomy":"category","embeddable":true,"href":"https:\/\/diariodominicano.com\/index.php?rest_route=%2Fwp%2Fv2%2Fcategories&post=549855"},{"taxonomy":"post_tag","embeddable":true,"href":"https:\/\/diariodominicano.com\/index.php?rest_route=%2Fwp%2Fv2%2Ftags&post=549855"}],"curies":[{"name":"wp","href":"https:\/\/api.w.org\/{rel}","templated":true}]}}