{"id":549769,"date":"2024-08-04T16:36:13","date_gmt":"2024-08-04T20:36:13","guid":{"rendered":"https:\/\/diariodominicano.com\/?p=549769"},"modified":"2024-08-04T16:36:20","modified_gmt":"2024-08-04T20:36:20","slug":"maria-corina-machado","status":"publish","type":"post","link":"https:\/\/diariodominicano.com\/?p=549769","title":{"rendered":"Mar\u00eda Corina Machado"},"content":{"rendered":"\n<p>diariodominicano.com<\/p>\n\n\n\n<p>Por <strong>Jos\u00e9 G\u00f3mez Cerda<\/strong><\/p>\n\n\n\n<p>Santiago, R. D.,\u20024 de agosto, 2024.-\u2002<strong>Mar\u00eda Corina Machado, estudi\u00f3 en la Universidad Cat\u00f3lica Andr\u00e9s Bello, se gradu\u00f3 en Estudios Superiores de Administraci\u00f3n<\/strong><\/p>\n\n\n\n<p><strong>El 11 de febrero de 2010, se postul\u00f3 como candidata a la&nbsp;Asamblea Nacional de Venezuela&nbsp;y result\u00f3 ser elegida por el Estado Miranda, siendo la diputada con m\u00e1s votos en las elecciones parlamentarias celebradas el 26 de septiembre de 2010. Coordinadora del Grupo Parlamentario Independiente y miembro del Comit\u00e9 de Pol\u00edtica Interior.<\/strong><\/p>\n\n\n\n<p><strong>Hugo Ch\u00e1vez y Maria&nbsp; Corina Machado tuvieron en 2012 un enfrentamiento que qued\u00f3 grabado en la memoria.<\/strong><\/p>\n\n\n\n<p><strong>Durante la \u00faltima alocuci\u00f3n del presidente a la Asamblea Nacional \u2014muri\u00f3 al a\u00f1o siguiente\u2014, ella se par\u00f3 a confrontarlo.<\/strong><\/p>\n\n\n\n<p><strong>Le dijo que \u201cla Venezuela decente\u201d no quer\u00eda avanzar hacia \u201cel comunismo\u201d: \u201cComo puede usted hablar que respeta al sector privado en Venezuela cuando se ha dedicado a expropiar, que es robar\u201d.<\/strong><\/p>\n\n\n\n<p><strong>El presidente Hugo Ch\u00e1vez, por su parte, la escuch\u00f3 hasta el final y despu\u00e9s respondi\u00f3: \u201cEst\u00e1 fuera de&nbsp;<em>ranking<\/em>&nbsp;para debatir conmigo.<\/strong><\/p>\n\n\n\n<p><strong>Lo lamento mucho, lo lamento mucho. Pero esa es la verdad. Usted me llam\u00f3 hasta ladr\u00f3n delante del pa\u00eds, pero yo no la voy a ofender. \u00c1guila no caza mosca, diputada<\/strong>\u201d.<\/p>\n\n\n\n<p><strong>El 26 de enero de 2023, el Tribunal Supremo de Justicia de Venezuela inhabilit\u00f3 su candidatura presidencial.<\/strong><strong> Fue inhabilitada para presentarse como candidata a presidenta, en las elecciones del 28 de julio de 2024.<\/strong><\/p>\n\n\n\n<p><strong>Mar\u00eda Corina Machado, la mujer que revivi\u00f3 la esperanza en los venezolanos que quieren un cambio, <\/strong><strong>de 56 a\u00f1os, logr\u00f3 revivir la esperanza enterrada de millones que quieren un cambio de gobierno.<\/strong><strong><\/strong><\/p>\n\n\n\n<p><strong>El partido de la&nbsp;l\u00edder opositora de Venezuela Mar\u00eda Corina Machado, denunci\u00f3 el pasado viernes un \u00abatraco\u00bb a su sede durante la madrugada, cuando seis hombres armados y con el rostro cubierto \u00absometieron a los vigilantes\u00bb para \u00abllevarse equipos y documentos\u00bb.<\/strong><\/p>\n\n\n\n<h1 class=\"wp-block-heading\">Mar\u00eda Corina Machado llam\u00f3 a permanecer en los centros de votaci\u00f3n, \u00abesto es hasta el final\u00bb<\/h1>\n\n\n\n<h1 class=\"wp-block-heading\">\u00abQu\u00e9 emoci\u00f3n encontrarnos en las calles!! Luchamos tanto por este momento\u00bb<\/h1>\n\n\n\n<p><strong>La l\u00edder opositora, impedida por la dictadura a participar como candidata en estos comicios por una inhabilitaci\u00f3n pol\u00edtica impuesta, madrug\u00f3 al igual que muchos venezolanos e hizo un llamado a ejercer el derecho al voto<\/strong><\/p>\n\n\n\n<p><strong>Muy temprano, antes del amanecer, al igual que muchos venezolanos e hizo un llamado a ejercer el derecho al voto.<\/strong><\/p>\n\n\n\n<p><strong>!Buenos d\u00edas, mis queridos venezolanos!<\/strong><\/p>\n\n\n\n<p><strong>El d\u00eda lleg\u00f3. \u00a1Son las 5 am y tenemos trabajo! A esta hora, te pido que nuestro Himno nacional se escuche en todo el mundo, desde tu coraz\u00f3n. Y yo quiero escucharte; \u00a1mu\u00e9strenmelo por aqu\u00ed en las respuestas! Salgamos a votar en familia con fuerza, alegr\u00eda y convicci\u00f3n, porque lo vamos a lograr\u00bb,&nbsp;<\/strong><\/p>\n\n\n\n<p><strong>&nbsp;Lo hizo antes de las elecciones, pese al escepticismo de muchos en la ruta electoral, y lo hizo despu\u00e9s de que el Consejo Nacional Electoral (CNE) declara a Maduro ganador con el 80% de los votos contados, con un 51%, Maria Corina Machado sali\u00f3 a renovar los \u00e1nimos con el anuncio de que su candidato,&nbsp;Edmundo Gonz\u00e1lez Urrutia, hab\u00eda ganado las elecciones, con un 70% de los votos\u2026. Y ten\u00eda las pruebas para demostrarlo.<\/strong><\/p>\n\n\n\n<h1 class=\"wp-block-heading\">Mar\u00eda Corina Machado public\u00f3 la p\u00e1gina web para verificar las actas de votaci\u00f3n de la elecci\u00f3n presidencial en Venezuela, donde se demuestra la derrota de Maduro. Esa pagina web permite visualizar en detalle los resultados totales y de cada mesa de votaci\u00f3n en Venezuela con las actas recopiladas.<\/h1>\n\n\n\n<p><strong>En su discurso del s\u00e1bado 3 de agosto, Mar\u00eda Corina Machado dijo,<\/strong><\/p>\n\n\n\n<p><strong>\u201cEl 28 de julio marca un hito a partir del cual se inici\u00f3 la transici\u00f3n a la democracia en Venezuela. Despu\u00e9s de una brutal represi\u00f3n, creyeron que nos iban a callar, atemorizar o paralizar&nbsp;(pero) la presencia de cada uno de ustedes aqu\u00ed demuestra al mundo la magnitud de la fuerza y lo que significa que&nbsp;vamos a llegar hasta el final\u201d<\/strong><strong><\/strong><\/p>\n\n\n\n<p><strong>\u00abGanar tom\u00f3 mucho tiempo y cobrar tambi\u00e9n puede tomar tiempo\u00bb, ha repetido Machado en sentidos mensajes de voz a sus militantes. \u00abAs\u00ed que hay que resistir \u2014les dice\u2014 y tenemos que seguir cerca de la gente y decirles que no los vamos a abandonar, porque vamos hasta el final<\/strong><\/p>\n\n\n\n<p><strong>La l\u00edder opositora&nbsp;<\/strong><a href=\"https:\/\/elpais.com\/america\/2024-07-30\/cronologia-de-las-protestas-en-venezuela-tras-la-reeleccion-de-maduro-en-imagenes.html\"><strong>Mar\u00eda Corina Machado<\/strong><\/a><strong>&nbsp;reapareci\u00f3 en la multitudinaria marcha opositora en Caracas, y prometi\u00f3 a sus seguidores no dar un paso atr\u00e1s.<\/strong><\/p>\n\n\n\n<p><strong>\u201c\u00a1Nunca hemos estado tan fuertes!\u201d. La l\u00edder opositora&nbsp;Mar\u00eda Corina Machado&nbsp;encabez\u00f3 una masiva manifestaci\u00f3n este s\u00e1bado contra el fraude electoral del pasado domingo en Venezuela<\/strong><strong>. <\/strong><strong>dijo,\u201cNosotros no promovemos la violencia. Salir a protestar c\u00edvica y pac\u00edficamente no es violencia. No vamos a renunciar a nuestro derecho a la protesta c\u00edvica\u201d,<\/strong><strong><\/strong><\/p>\n\n\n\n<p><strong>Se calcula que hay m\u00e1s de un millar de detenidos, hasta 20 muertos y un centenar de heridos en apenas una semana.<\/strong><\/p>\n\n\n\n<p><strong>\u00a1 Nicolas Maduro tiene sus d\u00edas contados como dictador de Venezuela!<\/strong><\/p>\n\n\n\n<p><strong>Video<\/strong><\/p>\n\n\n\n<figure class=\"wp-block-embed is-type-video is-provider-youtube wp-block-embed-youtube wp-embed-aspect-16-9 wp-has-aspect-ratio\"><div class=\"wp-block-embed__wrapper\">\n<iframe loading=\"lazy\" title=\"MARIA CORINA MACHADO . lider politica venezolana.   Jose Gomez Cerda\" width=\"616\" height=\"347\" src=\"https:\/\/www.youtube.com\/embed\/tPWsEnw-pkY?feature=oembed\" frameborder=\"0\" allow=\"accelerometer; autoplay; clipboard-write; encrypted-media; gyroscope; picture-in-picture; web-share\" referrerpolicy=\"strict-origin-when-cross-origin\" allowfullscreen><\/iframe>\n<\/div><\/figure>\n","protected":false},"excerpt":{"rendered":"<p>diariodominicano.com Por Jos\u00e9 G\u00f3mez Cerda Santiago, R. D.,\u20024 de agosto, 2024.-\u2002Mar\u00eda Corina Machado, estudi\u00f3 en la Universidad Cat\u00f3lica Andr\u00e9s Bello, se gradu\u00f3 en Estudios Superiores de Administraci\u00f3n El 11 de febrero de 2010, se postul\u00f3 como candidata a la&nbsp;Asamblea Nacional de Venezuela&nbsp;y result\u00f3 ser elegida por el Estado Miranda, siendo la diputada con m\u00e1s votos [&hellip;]<\/p>\n","protected":false},"author":5,"featured_media":549782,"comment_status":"closed","ping_status":"closed","sticky":true,"template":"","format":"standard","meta":{"footnotes":""},"categories":[25,19,16,27],"tags":[],"class_list":["post-549769","post","type-post","status-publish","format-standard","has-post-thumbnail","hentry","category-gente","category-mi-voz","category-opiniones","category-portada"],"_links":{"self":[{"href":"https:\/\/diariodominicano.com\/index.php?rest_route=\/wp\/v2\/posts\/549769","targetHints":{"allow":["GET"]}}],"collection":[{"href":"https:\/\/diariodominicano.com\/index.php?rest_route=\/wp\/v2\/posts"}],"about":[{"href":"https:\/\/diariodominicano.com\/index.php?rest_route=\/wp\/v2\/types\/post"}],"author":[{"embeddable":true,"href":"https:\/\/diariodominicano.com\/index.php?rest_route=\/wp\/v2\/users\/5"}],"replies":[{"embeddable":true,"href":"https:\/\/diariodominicano.com\/index.php?rest_route=%2Fwp%2Fv2%2Fcomments&post=549769"}],"version-history":[{"count":1,"href":"https:\/\/diariodominicano.com\/index.php?rest_route=\/wp\/v2\/posts\/549769\/revisions"}],"predecessor-version":[{"id":549783,"href":"https:\/\/diariodominicano.com\/index.php?rest_route=\/wp\/v2\/posts\/549769\/revisions\/549783"}],"wp:featuredmedia":[{"embeddable":true,"href":"https:\/\/diariodominicano.com\/index.php?rest_route=\/wp\/v2\/media\/549782"}],"wp:attachment":[{"href":"https:\/\/diariodominicano.com\/index.php?rest_route=%2Fwp%2Fv2%2Fmedia&parent=549769"}],"wp:term":[{"taxonomy":"category","embeddable":true,"href":"https:\/\/diariodominicano.com\/index.php?rest_route=%2Fwp%2Fv2%2Fcategories&post=549769"},{"taxonomy":"post_tag","embeddable":true,"href":"https:\/\/diariodominicano.com\/index.php?rest_route=%2Fwp%2Fv2%2Ftags&post=549769"}],"curies":[{"name":"wp","href":"https:\/\/api.w.org\/{rel}","templated":true}]}}