{"id":549644,"date":"2024-08-03T21:15:47","date_gmt":"2024-08-04T01:15:47","guid":{"rendered":"https:\/\/diariodominicano.com\/?p=549644"},"modified":"2024-08-03T21:16:35","modified_gmt":"2024-08-04T01:16:35","slug":"decimo-aniversario-del-genocidio-del-isis-contra-los-yazidies-los-cristianos-y-los-musulmanes-chiitas","status":"publish","type":"post","link":"https:\/\/diariodominicano.com\/?p=549644","title":{"rendered":"D\u00e9cimo aniversario del genocidio del ISIS contra los yazid\u00edes, los cristianos y los musulmanes chi\u00edtas"},"content":{"rendered":"\n<p>Matthew Miller, portavoz del departamento de Estado<\/p>\n\n\n\n<p>Hoy recordamos a las v\u00edctimas y honramos la fuerza de los sobrevivientes del genocidio, los cr\u00edmenes contra la humanidad y la limpieza \u00e9tnica perpetrados por el ISIS contra los yazid\u00edes, los cristianos y los musulmanes chi\u00edtas. Tambi\u00e9n recordamos a los musulmanes sun\u00edes, los kurdos y otras minor\u00edas que fueron v\u00edctimas de los cr\u00edmenes del ISIS. El ISIS mat\u00f3 y esclaviz\u00f3 a miles de yazid\u00edes. M\u00e1s de 2.600 mujeres y ni\u00f1as yazid\u00edes siguen desaparecidas, y contin\u00faa la identificaci\u00f3n y exhumaci\u00f3n de fosas comunes. Los sobrevivientes llevan las dolorosas cicatrices de esa experiencia hasta el d\u00eda de hoy.<\/p>\n\n\n\n<p>Nuestro apoyo a las comunidades que sufrieron esta horrible tragedia es inquebrantable. Nos corresponde a todos honrar a quienes hemos perdido y a los valientes sobrevivientes mediante la acci\u00f3n y un compromiso firme para reconstruir y restaurar estas comunidades. La justicia, la rendici\u00f3n de cuentas y la inclusi\u00f3n pol\u00edtica son esenciales para garantizar que aislemos y derrotemos a los extremistas violentos como el ISIS de una vez por todas. Instamos a que se siga aplicando la Ley de Supervivientes Yazid\u00edes y a que se apliquen plenamente las disposiciones de seguridad, reconstrucci\u00f3n y administraci\u00f3n del Acuerdo de Sinjar de 2020, en consulta con las comunidades que consideran a Sinjar su hogar.<\/p>\n\n\n\n<p>El ISIS intent\u00f3 desgarrar el tejido social iraqu\u00ed mediante una violenta campa\u00f1a de odio e intolerancia religiosa. La comunidad internacional se uni\u00f3 a Irak para romper el control del ISIS sobre el norte de Irak y Siria y comenzar a reconstruir las comunidades que persegu\u00eda. Hoy, una d\u00e9cada despu\u00e9s de esta horrible tragedia, Irak tiene la oportunidad de emprender un nuevo camino que conduzca a la paz, la estabilidad y la prosperidad para todas las diversas comunidades iraqu\u00edes. Al hacerlo, Irak puede servir como ejemplo de inclusi\u00f3n religiosa y \u00e9tnica para el resto de la regi\u00f3n.<\/p>\n\n\n\n<p>U.S. Department of State<\/p>\n\n\n\n<p><a target=\"_blank\" href=\"mailto:usstatebpa@public.govdelivery.com\" rel=\"noreferrer noopener\">usstatebpa@public.govdelivery.c<\/a><\/p>\n\n\n\n<p>03\/08\/2024 12:54 p. m. EDT<\/p>\n","protected":false},"excerpt":{"rendered":"<p>Matthew Miller, portavoz del departamento de Estado Hoy recordamos a las v\u00edctimas y honramos la fuerza de los sobrevivientes del genocidio, los cr\u00edmenes contra la humanidad y la limpieza \u00e9tnica perpetrados por el ISIS contra los yazid\u00edes, los cristianos y los musulmanes chi\u00edtas. Tambi\u00e9n recordamos a los musulmanes sun\u00edes, los kurdos y otras minor\u00edas que [&hellip;]<\/p>\n","protected":false},"author":28,"featured_media":534742,"comment_status":"closed","ping_status":"closed","sticky":false,"template":"","format":"standard","meta":{"footnotes":""},"categories":[26,23],"tags":[],"class_list":["post-549644","post","type-post","status-publish","format-standard","has-post-thumbnail","hentry","category-efemerides","category-internacional"],"_links":{"self":[{"href":"https:\/\/diariodominicano.com\/index.php?rest_route=\/wp\/v2\/posts\/549644","targetHints":{"allow":["GET"]}}],"collection":[{"href":"https:\/\/diariodominicano.com\/index.php?rest_route=\/wp\/v2\/posts"}],"about":[{"href":"https:\/\/diariodominicano.com\/index.php?rest_route=\/wp\/v2\/types\/post"}],"author":[{"embeddable":true,"href":"https:\/\/diariodominicano.com\/index.php?rest_route=\/wp\/v2\/users\/28"}],"replies":[{"embeddable":true,"href":"https:\/\/diariodominicano.com\/index.php?rest_route=%2Fwp%2Fv2%2Fcomments&post=549644"}],"version-history":[{"count":2,"href":"https:\/\/diariodominicano.com\/index.php?rest_route=\/wp\/v2\/posts\/549644\/revisions"}],"predecessor-version":[{"id":549646,"href":"https:\/\/diariodominicano.com\/index.php?rest_route=\/wp\/v2\/posts\/549644\/revisions\/549646"}],"wp:featuredmedia":[{"embeddable":true,"href":"https:\/\/diariodominicano.com\/index.php?rest_route=\/wp\/v2\/media\/534742"}],"wp:attachment":[{"href":"https:\/\/diariodominicano.com\/index.php?rest_route=%2Fwp%2Fv2%2Fmedia&parent=549644"}],"wp:term":[{"taxonomy":"category","embeddable":true,"href":"https:\/\/diariodominicano.com\/index.php?rest_route=%2Fwp%2Fv2%2Fcategories&post=549644"},{"taxonomy":"post_tag","embeddable":true,"href":"https:\/\/diariodominicano.com\/index.php?rest_route=%2Fwp%2Fv2%2Ftags&post=549644"}],"curies":[{"name":"wp","href":"https:\/\/api.w.org\/{rel}","templated":true}]}}