{"id":549630,"date":"2024-08-03T10:26:30","date_gmt":"2024-08-03T14:26:30","guid":{"rendered":"https:\/\/diariodominicano.com\/?p=549630"},"modified":"2024-08-03T10:26:48","modified_gmt":"2024-08-03T14:26:48","slug":"soy-leyenda-en-paris-2024-leon-marchand","status":"publish","type":"post","link":"https:\/\/diariodominicano.com\/?p=549630","title":{"rendered":"Soy leyenda en Par\u00eds 2024: L\u00e9on Marchand"},"content":{"rendered":"\n<figure class=\"wp-block-image\"><img decoding=\"async\" src=\"https:\/\/www.prensa-latina.cu\/wp-content\/uploads\/2024\/06\/paris-2024-logo.svg\" alt=\"\" class=\"wp-image-996294\"\/><\/figure>\n\n\n\n<ul class=\"wp-block-list\">\n<li>agosto 3, 2024<\/li>\n\n\n\n<li>CDT08:36 GMT -05;00<\/li>\n<\/ul>\n\n\n\n<p>Par\u00eds, 3 ago (Prensa Latina) Demasiado pronto para las comparaciones, una delgada l\u00ednea todav\u00eda lo separa de los elegidos, pero por mucho que se intente la mesura, hoy L\u00e9on Marchand es leyenda en los Juegos Ol\u00edmpicos de Paris 2024.<\/p>\n\n\n\n<ul class=\"wp-block-list\">\n<li><a href=\"https:\/\/www.prensa-latina.cu\/2024\/08\/03\/soy-leyenda-en-paris-2024-leon-marchand\/#\"><\/a><\/li>\n\n\n\n<li><a href=\"https:\/\/www.prensa-latina.cu\/2024\/08\/03\/soy-leyenda-en-paris-2024-leon-marchand\/#\"><\/a><\/li>\n\n\n\n<li><a href=\"https:\/\/www.prensa-latina.cu\/2024\/08\/03\/soy-leyenda-en-paris-2024-leon-marchand\/#\"><\/a><\/li>\n\n\n\n<li><a href=\"https:\/\/www.prensa-latina.cu\/2024\/08\/03\/soy-leyenda-en-paris-2024-leon-marchand\/#\"><\/a><\/li>\n<\/ul>\n\n\n\n<p>Por Michel Dal\u00ed, enviado especial<\/p>\n\n\n\n<p>Esta ma\u00f1ana se levant\u00f3 como uno m\u00e1s, se puso el traje de ba\u00f1o y ayud\u00f3 a Francia a acceder a la final del relevo 4\u00d7100 metros combinados. Y adem\u00e1s, el insaciable trit\u00f3n oriundo de la Villa Rosa, como llaman a Toulouse, estar\u00e1 en la posta del 4\u00d7100 mixto.<\/p>\n\n\n\n<p>Los relevos son especiales, no nadas por lo individual solamente, sino tambi\u00e9n lo haces por los compa\u00f1eros de equipo, la familia y es un regalo para el p\u00fablico, declar\u00f3 el joven de 22 a\u00f1os luego de contribuir al pase a la final del 4\u00d7100 estilos.<\/p>\n\n\n\n<p>Esta noche volver\u00e1 a la piscina de La Defense Arena, donde intentar\u00e1 alcanzar su quinta medalla en las citas estivales bajo los cinco anillos en el 4\u00d7100 mixto combinados. Y pudiera lograr una sexta el domingo.<\/p>\n\n\n\n<p>Lo compararon nuevamente hoy con m\u00edticos nadadores estadounidenses Mark Spitz y Michael Phelps, y en breves palabras a los periodistas trat\u00f3 de sacudirse la presi\u00f3n.<\/p>\n\n\n\n<p>\u2018Es una locura. Son leyendas. Leyendas de su propio deporte\u2019. Es una locura que te comparen con ellos. No creo que me d\u00e9 cuenta a partir de ahora. Quiz\u00e1 lo haga dentro de unos d\u00edas\u2019, a\u00f1adi\u00f3 con cierta resignaci\u00f3n entusiasta.<\/p>\n\n\n\n<p>Cumpli\u00f3 con palabras mayores y se convirti\u00f3 en el primer franc\u00e9s de la historia en cosechar cuatro preseas \u00e1ureas en unos mismos Juegos Ol\u00edmpicos. Lo igual\u00f3 en metales dorados el supercompleto Teddy Riner en judo, aunque en diferentes citas.<\/p>\n\n\n\n<p>Spitz conquist\u00f3 siete medallas de oro en los Juegos Ol\u00edmpicos de Munich 1972 y Phelps es el deportista con m\u00e1s preseas alcanzadas en estas instancias con 28.<\/p>\n\n\n\n<p>La diferencia es que ninguno de los dos tritones estadounidenses se atrevi\u00f3 a lo que hizo Marchand en Par\u00eds. Desafiando cron\u00f3metros, adrenalina y capacidad f\u00edsica, el Rey L\u00e9on galo nad\u00f3 en dos horas, en una sola noche, 400 metros, 200 en mariposa y 200 en braza, algo in\u00e9dito en la reina de las disciplinas acu\u00e1ticas.<\/p>\n\n\n\n<p>Complet\u00f3 la v\u00edspera una noche m\u00e1gica, como la hab\u00eda so\u00f1ado, y se mostr\u00f3 feliz y exultaste por el apoyo de casi 15 mil personas en el estadio.<\/p>\n\n\n\n<p>\u201cEl cansancio pod\u00eda pasarme factura y entonces prefer\u00ed guardar reservas para pecho y libre, soy muy bueno gestionando mis energ\u00edas; luego me sent\u00ed m\u00e1s confiado y pude rematar bien. Es excepcional el p\u00fablico, me inspir\u00f3 much\u00edsimo\u201d, coment\u00f3 el nadador.<\/p>\n\n\n\n<p>Apodado el \u201cPhelps franc\u00e9s\u201d, entrenado precisamente por Bob Bowman otrora preparador de Michael Phelps, proviene de una familia deportista. Su padre, Xavier Marchand fue medallista de plata mundial y ol\u00edmpico, y su madre, C\u00e9line Bonnet, plusmarquista francesa, en ambos casos en nataci\u00f3n.<\/p>\n\n\n\n<p>Parece improbable que consiga incrementar su colecci\u00f3n dorada porque en los relevos hay otros contrincantes de alto rango como Australia, Estados Unidos, Gran Breta\u00f1a, China o Jap\u00f3n.<\/p>\n\n\n\n<p>Empero, la distinci\u00f3n nobiliaria en Par\u00eds 2024 es suya: Soy Leyenda, L\u00e9on Marchand.<\/p>\n\n\n\n<p>ale\/ft\/md<\/p>\n","protected":false},"excerpt":{"rendered":"<p>Par\u00eds, 3 ago (Prensa Latina) Demasiado pronto para las comparaciones, una delgada l\u00ednea todav\u00eda lo separa de los elegidos, pero por mucho que se intente la mesura, hoy L\u00e9on Marchand es leyenda en los Juegos Ol\u00edmpicos de Paris 2024. Por Michel Dal\u00ed, enviado especial Esta ma\u00f1ana se levant\u00f3 como uno m\u00e1s, se puso el traje [&hellip;]<\/p>\n","protected":false},"author":28,"featured_media":549631,"comment_status":"closed","ping_status":"closed","sticky":false,"template":"","format":"standard","meta":{"footnotes":""},"categories":[17,25],"tags":[],"class_list":["post-549630","post","type-post","status-publish","format-standard","has-post-thumbnail","hentry","category-deportes","category-gente"],"_links":{"self":[{"href":"https:\/\/diariodominicano.com\/index.php?rest_route=\/wp\/v2\/posts\/549630","targetHints":{"allow":["GET"]}}],"collection":[{"href":"https:\/\/diariodominicano.com\/index.php?rest_route=\/wp\/v2\/posts"}],"about":[{"href":"https:\/\/diariodominicano.com\/index.php?rest_route=\/wp\/v2\/types\/post"}],"author":[{"embeddable":true,"href":"https:\/\/diariodominicano.com\/index.php?rest_route=\/wp\/v2\/users\/28"}],"replies":[{"embeddable":true,"href":"https:\/\/diariodominicano.com\/index.php?rest_route=%2Fwp%2Fv2%2Fcomments&post=549630"}],"version-history":[{"count":2,"href":"https:\/\/diariodominicano.com\/index.php?rest_route=\/wp\/v2\/posts\/549630\/revisions"}],"predecessor-version":[{"id":549634,"href":"https:\/\/diariodominicano.com\/index.php?rest_route=\/wp\/v2\/posts\/549630\/revisions\/549634"}],"wp:featuredmedia":[{"embeddable":true,"href":"https:\/\/diariodominicano.com\/index.php?rest_route=\/wp\/v2\/media\/549631"}],"wp:attachment":[{"href":"https:\/\/diariodominicano.com\/index.php?rest_route=%2Fwp%2Fv2%2Fmedia&parent=549630"}],"wp:term":[{"taxonomy":"category","embeddable":true,"href":"https:\/\/diariodominicano.com\/index.php?rest_route=%2Fwp%2Fv2%2Fcategories&post=549630"},{"taxonomy":"post_tag","embeddable":true,"href":"https:\/\/diariodominicano.com\/index.php?rest_route=%2Fwp%2Fv2%2Ftags&post=549630"}],"curies":[{"name":"wp","href":"https:\/\/api.w.org\/{rel}","templated":true}]}}