{"id":549612,"date":"2024-08-03T08:06:23","date_gmt":"2024-08-03T12:06:23","guid":{"rendered":"https:\/\/diariodominicano.com\/?p=549612"},"modified":"2024-08-03T08:06:29","modified_gmt":"2024-08-03T12:06:29","slug":"condenado-a-20-anos-de-prision-por-matar-a-un-ciudadano-en-sde","status":"publish","type":"post","link":"https:\/\/diariodominicano.com\/?p=549612","title":{"rendered":"Condenado a  20 a\u00f1os de prisi\u00f3n  por matar a un ciudadano en  SDE"},"content":{"rendered":"\n<p><strong>Santo Domingo Este (R.D.) Viernes, 2 de agosto de 2024.<\/strong>&nbsp;El Ministerio P\u00fablico logr\u00f3 una condena de 20 a\u00f1os de prisi\u00f3n y el pago de una indemnizaci\u00f3n de dos millones de pesos en contra de un hombre que le quit\u00f3 la vida a otro a causa de heridas de arma de fuego, en un hecho ocurrido en este municipio en el a\u00f1o 2022.<\/p>\n\n\n\n<p>El Quinto Tribunal Colegiado de Santo Domingo Este, integrado por los jueces Julio Aybar Ortiz (presidente), Laisa Matos Dur\u00e1n y Nelcy Xiomara Ortega Ram\u00edrez, dict\u00f3 la sentencia en contra de Jean Carlos Ariel Bruno Est\u00e9vez, acusado de provocarle la muerte a Pedro Ram\u00f3n Heureaux Evertz (Tito).<\/p>\n\n\n\n<p>Bruno Est\u00e9vez ultim\u00f3 de dos disparos a Heureaux Evertz mientras este \u00faltimo interced\u00eda en una discusi\u00f3n que este sosten\u00eda con una trabajadora sexual que le reclamaba el pago de RD$500 pesos que le adeudada.<\/p>\n\n\n\n<p>La investigaci\u00f3n, que fue instrumentada por el fiscal Wilson D\u00edaz, relata que el suceso ocurri\u00f3 la madrugada del 17 de enero del a\u00f1o 2022, en momentos en que la v\u00edctima se encontraba pr\u00f3ximo a su vivienda, en el sector Sabana Larga.<\/p>\n\n\n\n<p>Durante el juicio, el Ministerio P\u00fablico, representado por la fiscal litigante Ivette Mateo, demostr\u00f3 ante el tribunal la responsabilidad penal del hoy condenado, logrando la imposici\u00f3n de la pena por la violaci\u00f3n de los art\u00edculos 295 y 304, p\u00e1rrafo II, del C\u00f3digo Penal Dominicano, y los art\u00edculos 66 y 67 de la Ley 631-16 para el Control y Regulaci\u00f3n de Armas, Municiones y Materiales Relacionados.<\/p>\n\n\n\n<p>Los jueces ordenaron que la condena sea cumplida en el Centro de Correcci\u00f3n y Rehabilitaci\u00f3n de Monte Plata.<\/p>\n","protected":false},"excerpt":{"rendered":"<p>Santo Domingo Este (R.D.) Viernes, 2 de agosto de 2024.&nbsp;El Ministerio P\u00fablico logr\u00f3 una condena de 20 a\u00f1os de prisi\u00f3n y el pago de una indemnizaci\u00f3n de dos millones de pesos en contra de un hombre que le quit\u00f3 la vida a otro a causa de heridas de arma de fuego, en un hecho ocurrido [&hellip;]<\/p>\n","protected":false},"author":28,"featured_media":265615,"comment_status":"closed","ping_status":"closed","sticky":true,"template":"","format":"standard","meta":{"footnotes":""},"categories":[24,29,27],"tags":[],"class_list":["post-549612","post","type-post","status-publish","format-standard","has-post-thumbnail","hentry","category-justicia-y-derecho","category-policiasucesos","category-portada"],"_links":{"self":[{"href":"https:\/\/diariodominicano.com\/index.php?rest_route=\/wp\/v2\/posts\/549612","targetHints":{"allow":["GET"]}}],"collection":[{"href":"https:\/\/diariodominicano.com\/index.php?rest_route=\/wp\/v2\/posts"}],"about":[{"href":"https:\/\/diariodominicano.com\/index.php?rest_route=\/wp\/v2\/types\/post"}],"author":[{"embeddable":true,"href":"https:\/\/diariodominicano.com\/index.php?rest_route=\/wp\/v2\/users\/28"}],"replies":[{"embeddable":true,"href":"https:\/\/diariodominicano.com\/index.php?rest_route=%2Fwp%2Fv2%2Fcomments&post=549612"}],"version-history":[{"count":1,"href":"https:\/\/diariodominicano.com\/index.php?rest_route=\/wp\/v2\/posts\/549612\/revisions"}],"predecessor-version":[{"id":549613,"href":"https:\/\/diariodominicano.com\/index.php?rest_route=\/wp\/v2\/posts\/549612\/revisions\/549613"}],"wp:featuredmedia":[{"embeddable":true,"href":"https:\/\/diariodominicano.com\/index.php?rest_route=\/wp\/v2\/media\/265615"}],"wp:attachment":[{"href":"https:\/\/diariodominicano.com\/index.php?rest_route=%2Fwp%2Fv2%2Fmedia&parent=549612"}],"wp:term":[{"taxonomy":"category","embeddable":true,"href":"https:\/\/diariodominicano.com\/index.php?rest_route=%2Fwp%2Fv2%2Fcategories&post=549612"},{"taxonomy":"post_tag","embeddable":true,"href":"https:\/\/diariodominicano.com\/index.php?rest_route=%2Fwp%2Fv2%2Ftags&post=549612"}],"curies":[{"name":"wp","href":"https:\/\/api.w.org\/{rel}","templated":true}]}}