{"id":549610,"date":"2024-08-03T07:59:56","date_gmt":"2024-08-03T11:59:56","guid":{"rendered":"https:\/\/diariodominicano.com\/?p=549610"},"modified":"2024-08-03T08:00:03","modified_gmt":"2024-08-03T12:00:03","slug":"fiscalia-logra-tres-meses-de-prision-preventiva-contra-ciudadano-suizo-imputado-de-agredir-y-amenazar-de-muerte-a-su-expareja","status":"publish","type":"post","link":"https:\/\/diariodominicano.com\/?p=549610","title":{"rendered":"Fiscal\u00eda logra tres meses de prisi\u00f3n preventiva contra ciudadano suizo imputado de agredir y amenazar de muerte a su expareja"},"content":{"rendered":"\n<p><strong>SAN CRIST\u00d3BAL, Rep\u00fablica Dominicana.-<\/strong>\u00a0La Fiscal\u00eda de San Crist\u00f3bal logr\u00f3 la imposici\u00f3n de tres meses de prisi\u00f3n preventiva, como medida de coerci\u00f3n, en contra de un nacional suizo, imputado de agredir y amenazar de muerte a su expareja sentimental.<\/p>\n\n\n\n<p>La medida le fue impuesta al ciudadano suizo Alain Werder, por el Tribunal de Atenci\u00f3n Permanente de este distrito judicial, a quien se le imputa agredir y amenazar de muerte a Cesarina Moreno Avelino.<\/p>\n\n\n\n<p>En la audiencia, el Ministerio P\u00fablico, representado por el fiscalizador de la Unidad de Atenci\u00f3n a V\u00edctimas de Violencia de G\u00e9nero, intrafamiliar y Delitos Sexuales, Napolisandy Brioso Viola, demostr\u00f3 que Werder no contaba con las garant\u00edas que le permitieran conocer el proceso en libertad.<\/p>\n\n\n\n<p>En fecha 19 de junio del presente a\u00f1o Moreno Avelino denuncio de que Werder IIeg\u00f3 alterado a la vivienda que compart\u00edan y le dijo que saliera y acto seguido, la tom\u00f3 por el cuello y la golpe\u00f3 dos veces en el rostro y luego la oblig\u00f3 a sostener relaciones sexuales.<\/p>\n\n\n\n<p>La v\u00edctima tambi\u00e9n se percat\u00f3 que el agresor estaba utilizando sustancias narc\u00f3ticas y con una pistola, la cual se\u00f1ala el agresor adquiri\u00f3 de manera ilegal, le apunt\u00f3 en la cabeza y la amenaz\u00f3 de muerte.<\/p>\n\n\n\n<p>El Ministerio P\u00fablico realiz\u00f3 un allanamiento a la vivienda, en la que, dentro de las evidencias recolectadas, figuran ocho capsulas de armas de fuego de diferentes calibres.<\/p>\n\n\n\n<p>Ante estos hechos, el \u00f3rgano persecutor del delito le imputa a Werder la violaci\u00f3n a los art\u00edculos 309-2 y articulo 309-3 del C\u00f3digo Penal Dominicano, modificado por la Ley 24-97 sobre Violencia de G\u00e9nero e Intrafamiliar.<\/p>\n\n\n\n<p>Por decisi\u00f3n del tribunal, el imputado cumplir\u00e1 la medida de coerci\u00f3n en el Centro de Correcci\u00f3n y Rehabilitaci\u00f3n Najayo Hombres.<\/p>\n\n\n\n<p><strong>Direcci\u00f3n General de Comunicaci\u00f3n, Prensa, y RRPP<\/strong><strong><\/strong><\/p>\n\n\n\n<p>Ministerio P\u00fablico.&nbsp;R.D.<\/p>\n\n\n\n<p>Viernes, 2 de agosto de 2024<\/p>\n","protected":false},"excerpt":{"rendered":"<p>SAN CRIST\u00d3BAL, Rep\u00fablica Dominicana.-\u00a0La Fiscal\u00eda de San Crist\u00f3bal logr\u00f3 la imposici\u00f3n de tres meses de prisi\u00f3n preventiva, como medida de coerci\u00f3n, en contra de un nacional suizo, imputado de agredir y amenazar de muerte a su expareja sentimental. La medida le fue impuesta al ciudadano suizo Alain Werder, por el Tribunal de Atenci\u00f3n Permanente de [&hellip;]<\/p>\n","protected":false},"author":28,"featured_media":398358,"comment_status":"closed","ping_status":"closed","sticky":true,"template":"","format":"standard","meta":{"footnotes":""},"categories":[24,29,27],"tags":[],"class_list":["post-549610","post","type-post","status-publish","format-standard","has-post-thumbnail","hentry","category-justicia-y-derecho","category-policiasucesos","category-portada"],"_links":{"self":[{"href":"https:\/\/diariodominicano.com\/index.php?rest_route=\/wp\/v2\/posts\/549610","targetHints":{"allow":["GET"]}}],"collection":[{"href":"https:\/\/diariodominicano.com\/index.php?rest_route=\/wp\/v2\/posts"}],"about":[{"href":"https:\/\/diariodominicano.com\/index.php?rest_route=\/wp\/v2\/types\/post"}],"author":[{"embeddable":true,"href":"https:\/\/diariodominicano.com\/index.php?rest_route=\/wp\/v2\/users\/28"}],"replies":[{"embeddable":true,"href":"https:\/\/diariodominicano.com\/index.php?rest_route=%2Fwp%2Fv2%2Fcomments&post=549610"}],"version-history":[{"count":1,"href":"https:\/\/diariodominicano.com\/index.php?rest_route=\/wp\/v2\/posts\/549610\/revisions"}],"predecessor-version":[{"id":549611,"href":"https:\/\/diariodominicano.com\/index.php?rest_route=\/wp\/v2\/posts\/549610\/revisions\/549611"}],"wp:featuredmedia":[{"embeddable":true,"href":"https:\/\/diariodominicano.com\/index.php?rest_route=\/wp\/v2\/media\/398358"}],"wp:attachment":[{"href":"https:\/\/diariodominicano.com\/index.php?rest_route=%2Fwp%2Fv2%2Fmedia&parent=549610"}],"wp:term":[{"taxonomy":"category","embeddable":true,"href":"https:\/\/diariodominicano.com\/index.php?rest_route=%2Fwp%2Fv2%2Fcategories&post=549610"},{"taxonomy":"post_tag","embeddable":true,"href":"https:\/\/diariodominicano.com\/index.php?rest_route=%2Fwp%2Fv2%2Ftags&post=549610"}],"curies":[{"name":"wp","href":"https:\/\/api.w.org\/{rel}","templated":true}]}}