{"id":549514,"date":"2024-08-02T16:19:39","date_gmt":"2024-08-02T20:19:39","guid":{"rendered":"https:\/\/diariodominicano.com\/?p=549514"},"modified":"2024-08-02T16:19:41","modified_gmt":"2024-08-02T20:19:41","slug":"arap-bethke-brilla-como-conductor-de-premios-juventud-entre-los-mejores-vestidos","status":"publish","type":"post","link":"https:\/\/diariodominicano.com\/?p=549514","title":{"rendered":"Arap Bethke brilla como conductor de Premios Juventud, entre los mejores vestidos"},"content":{"rendered":"\n<p>El coprotagonista de la serie de ViX \u00abEl Estreno Retorno de Diana Salazar\u00bb, deslumbr\u00f3 con su presencia y estilo impecable en uno de los eventos m\u00e1s importante para la juventud hispana, celebrando a los artistas latinos que han marcado tendencia y cautivado corazones a lo largo del a\u00f1o.<\/p>\n\n\n\n<p>Miami, 2 de agosto de 2024 &#8211; El carism\u00e1tico y talentoso actor Arap Bethke deslumbr\u00f3 a la audiencia como conductor de la m\u00e1s reciente edici\u00f3n de los Premios Juventud, celebrados en San Juan, Puerto Rico, en el Coliseo Jos\u00e9 Miguel Agrelot, transmitidos por la cadena Univision l y la plataforma de streaming ViX. Su presencia magn\u00e9tica y estilo impecable lo posicionaron no solo como uno de los mejores conductores del evento, sino tambi\u00e9n como uno de los mejores vestidos de la noche.<\/p>\n\n\n\n<figure class=\"wp-block-image\"><img decoding=\"async\" src=\"https:\/\/diariodominicano.com\/wp-content\/uploads\/2024\/08\/Arap-Bethke-brilla-como-conductor-de-Premios-Juventud-759x1024.jpg\" alt=\"\"\/><\/figure>\n\n\n\n<p>Arap, conocido por su versatilidad actoral en producciones como la serie \u00abEl Estreno Retorno de Diana Salazar\u00bb de ViX y \u00abFugitivas\u00bb, que estrena pronto por Univision, asumi\u00f3 el reto de conducir uno de los eventos m\u00e1s importantes para la juventud latina con elegancia y naturalidad. Su look sofisticado de @jacobcisne \/ @britishstyleco, un traje del stylist @rodrigoaalcantara con joyeria de @swarovski, reloj y lentes de @montblanc y zapatos de @zegnaofficial, destac\u00f3 por su modernidad y clase, capturando la atenci\u00f3n de los cr\u00edticos de moda, revistas especializadas y del p\u00fablico.<\/p>\n\n\n\n<p>\u00abEstoy muy agradecido por la oportunidad de haber conducido los Premios Juventud junto a Jessica Rodr\u00edguez y el hurac\u00e1n boricua Maripily Rivera. Fue una noche incre\u00edble, llena de talento y emoci\u00f3n. Me siento honrado de haber sido parte de esta celebraci\u00f3n de la m\u00fasica y la cultura latina,\u00bb coment\u00f3 Bethke, coprotagonista de la serie de ViX \u00abEl Estreno Retorno de Diana Salazar\u00bb, y uno de &#8216;Los 100 Latinos m\u00e1s comprometidos con la Acci\u00f3n Clim\u00e1tica&#8217;.<\/p>\n\n\n\n<p>Adem\u00e1s de su labor como conductor, Arap se uni\u00f3 a la celebraci\u00f3n de la diversidad y el talento juvenil, mostrando su apoyo a los nuevos artistas y las causas sociales destacadas durante la ceremonia. Su compromiso con la comunidad y su pasi\u00f3n por el entretenimiento resonaron fuertemente con los espectadores.<\/p>\n\n\n\n<p>La participaci\u00f3n de Arap Bethke como conductor de &#8216;Noches de Estrellas&#8217;, la alfombra roja que precede al show y ceremonia principal de Premios Juventud, no solo reafirma su posici\u00f3n como uno de los actores m\u00e1s queridos y respetados de la industria, sino que tambi\u00e9n resalta su habilidad para conectar con la audiencia en m\u00faltiples facetas del entretenimiento.<\/p>\n\n\n\n<p>El evento reconoce a los artistas y j\u00f3venes por sus logros extraordinarios en la sociedad, celebrando la m\u00fasica, nuestra comunidad y a los creadores de contenido m\u00e1s influyentes. Bajo el lema \u00abAtr\u00e9vete a M\u00e1s\u00bb. En la conducci\u00f3n, Arap estuvo acompa\u00f1ado de la presentadora de Despierta Am\u00e9rica Jessica Rodr\u00edguez y del hurac\u00e1n boricua Maripily Rivera.<\/p>\n\n\n\n<p>Arap Bethke &#8211; Premios Juventud prensa@lidereslatinosmx.com&gt;<\/p>\n","protected":false},"excerpt":{"rendered":"<p>El coprotagonista de la serie de ViX \u00abEl Estreno Retorno de Diana Salazar\u00bb, deslumbr\u00f3 con su presencia y estilo impecable en uno de los eventos m\u00e1s importante para la juventud hispana, celebrando a los artistas latinos que han marcado tendencia y cautivado corazones a lo largo del a\u00f1o. Miami, 2 de agosto de 2024 &#8211; [&hellip;]<\/p>\n","protected":false},"author":7,"featured_media":549523,"comment_status":"closed","ping_status":"closed","sticky":false,"template":"","format":"standard","meta":{"footnotes":""},"categories":[25],"tags":[],"class_list":["post-549514","post","type-post","status-publish","format-standard","has-post-thumbnail","hentry","category-gente"],"_links":{"self":[{"href":"https:\/\/diariodominicano.com\/index.php?rest_route=\/wp\/v2\/posts\/549514","targetHints":{"allow":["GET"]}}],"collection":[{"href":"https:\/\/diariodominicano.com\/index.php?rest_route=\/wp\/v2\/posts"}],"about":[{"href":"https:\/\/diariodominicano.com\/index.php?rest_route=\/wp\/v2\/types\/post"}],"author":[{"embeddable":true,"href":"https:\/\/diariodominicano.com\/index.php?rest_route=\/wp\/v2\/users\/7"}],"replies":[{"embeddable":true,"href":"https:\/\/diariodominicano.com\/index.php?rest_route=%2Fwp%2Fv2%2Fcomments&post=549514"}],"version-history":[{"count":1,"href":"https:\/\/diariodominicano.com\/index.php?rest_route=\/wp\/v2\/posts\/549514\/revisions"}],"predecessor-version":[{"id":549525,"href":"https:\/\/diariodominicano.com\/index.php?rest_route=\/wp\/v2\/posts\/549514\/revisions\/549525"}],"wp:featuredmedia":[{"embeddable":true,"href":"https:\/\/diariodominicano.com\/index.php?rest_route=\/wp\/v2\/media\/549523"}],"wp:attachment":[{"href":"https:\/\/diariodominicano.com\/index.php?rest_route=%2Fwp%2Fv2%2Fmedia&parent=549514"}],"wp:term":[{"taxonomy":"category","embeddable":true,"href":"https:\/\/diariodominicano.com\/index.php?rest_route=%2Fwp%2Fv2%2Fcategories&post=549514"},{"taxonomy":"post_tag","embeddable":true,"href":"https:\/\/diariodominicano.com\/index.php?rest_route=%2Fwp%2Fv2%2Ftags&post=549514"}],"curies":[{"name":"wp","href":"https:\/\/api.w.org\/{rel}","templated":true}]}}