{"id":549467,"date":"2024-08-02T14:29:08","date_gmt":"2024-08-02T18:29:08","guid":{"rendered":"https:\/\/diariodominicano.com\/?p=549467"},"modified":"2024-08-02T14:29:43","modified_gmt":"2024-08-02T18:29:43","slug":"condenan-hombre-a-tres-anos-prision-por-violencia-intrafamiliar-contra-expareja-en-samana","status":"publish","type":"post","link":"https:\/\/diariodominicano.com\/?p=549467","title":{"rendered":"Condenan hombre a tres a\u00f1os prisi\u00f3n por violencia intrafamiliar contra expareja en Saman\u00e1"},"content":{"rendered":"\n<p>Saman\u00e1 (R.D.) Viernes, 2 de agosto de 2024. El Ministerio P\u00fablico de Saman\u00e1 logr\u00f3 una condena de tres a\u00f1os de prisi\u00f3n en contra de un hombre acusado de cometer violencia intrafamiliar en perjuicio de su expareja, a quien constantemente hostigaba y amenazaba de muerte.<\/p>\n\n\n\n<p>El Tribunal Colegiado del distrito judicial de Saman\u00e1, compuesto por los jueces Edward Jos\u00e9 Soto Soto, Mayra Josefina de la Cruz Lora y Eriberto Luis Jhonson, dict\u00f3 la sentencia condenatoria en contra del procesado Justiliano de la Cruz Lora (Justo) y orden\u00f3 su cumplimiento en la c\u00e1rcel p\u00fablica de esta provincia.<\/p>\n\n\n\n<p>De acuerdo con el expediente acusatorio instrumentado por el Ministerio P\u00fablico, De la Cruz Lora fue arrestado en flagrante delito el pasado 25 de diciembre del 2022, luego de que el \u00f3rgano acusador recibiera una denuncia mediante la cual se estableci\u00f3 que agredi\u00f3 a la mujer. Se\u00f1ala que la v\u00edctima era agredida de manera frecuente por el procesado en la vivienda que compart\u00edan y que la amenazaba de muerte.<\/p>\n\n\n\n<p>Al momento del arresto al procesado se le ocup\u00f3 un chuchillo de aproximadamente 6 pulgadas con el cabo de madera, por lo cual, una vez le\u00eddos sus derechos, fue puesto bajo arresto.<\/p>\n\n\n\n<p>El Ministerio P\u00fablico ha tipificado los hechos antes mencionados como violatorios al tipo penal establecido en el art\u00edculo 309-2 del C\u00f3digo Penal Dominicano, modificado por Ley 24-97 sobre Violencia de G\u00e9nero e Intrafamiliar.<\/p>\n","protected":false},"excerpt":{"rendered":"<p>Saman\u00e1 (R.D.) Viernes, 2 de agosto de 2024. El Ministerio P\u00fablico de Saman\u00e1 logr\u00f3 una condena de tres a\u00f1os de prisi\u00f3n en contra de un hombre acusado de cometer violencia intrafamiliar en perjuicio de su expareja, a quien constantemente hostigaba y amenazaba de muerte. El Tribunal Colegiado del distrito judicial de Saman\u00e1, compuesto por los [&hellip;]<\/p>\n","protected":false},"author":7,"featured_media":522732,"comment_status":"closed","ping_status":"closed","sticky":false,"template":"","format":"standard","meta":{"footnotes":""},"categories":[24],"tags":[],"class_list":["post-549467","post","type-post","status-publish","format-standard","has-post-thumbnail","hentry","category-justicia-y-derecho"],"_links":{"self":[{"href":"https:\/\/diariodominicano.com\/index.php?rest_route=\/wp\/v2\/posts\/549467","targetHints":{"allow":["GET"]}}],"collection":[{"href":"https:\/\/diariodominicano.com\/index.php?rest_route=\/wp\/v2\/posts"}],"about":[{"href":"https:\/\/diariodominicano.com\/index.php?rest_route=\/wp\/v2\/types\/post"}],"author":[{"embeddable":true,"href":"https:\/\/diariodominicano.com\/index.php?rest_route=\/wp\/v2\/users\/7"}],"replies":[{"embeddable":true,"href":"https:\/\/diariodominicano.com\/index.php?rest_route=%2Fwp%2Fv2%2Fcomments&post=549467"}],"version-history":[{"count":1,"href":"https:\/\/diariodominicano.com\/index.php?rest_route=\/wp\/v2\/posts\/549467\/revisions"}],"predecessor-version":[{"id":549471,"href":"https:\/\/diariodominicano.com\/index.php?rest_route=\/wp\/v2\/posts\/549467\/revisions\/549471"}],"wp:featuredmedia":[{"embeddable":true,"href":"https:\/\/diariodominicano.com\/index.php?rest_route=\/wp\/v2\/media\/522732"}],"wp:attachment":[{"href":"https:\/\/diariodominicano.com\/index.php?rest_route=%2Fwp%2Fv2%2Fmedia&parent=549467"}],"wp:term":[{"taxonomy":"category","embeddable":true,"href":"https:\/\/diariodominicano.com\/index.php?rest_route=%2Fwp%2Fv2%2Fcategories&post=549467"},{"taxonomy":"post_tag","embeddable":true,"href":"https:\/\/diariodominicano.com\/index.php?rest_route=%2Fwp%2Fv2%2Ftags&post=549467"}],"curies":[{"name":"wp","href":"https:\/\/api.w.org\/{rel}","templated":true}]}}