{"id":549458,"date":"2024-08-02T12:01:21","date_gmt":"2024-08-02T16:01:21","guid":{"rendered":"https:\/\/diariodominicano.com\/?p=549458"},"modified":"2024-08-02T12:01:28","modified_gmt":"2024-08-02T16:01:28","slug":"fiscalia-de-san-cristobal-solicita-prision-preventiva-contra-dos-militares-que-ultimaron-adolescente","status":"publish","type":"post","link":"https:\/\/diariodominicano.com\/?p=549458","title":{"rendered":"Fiscal\u00eda de San Crist\u00f3bal solicita prisi\u00f3n preventiva contra dos militares que ultimaron adolescente\u00a0"},"content":{"rendered":"\n<p>diariodominicano.com<\/p>\n\n\n\n<p>San Crist\u00f3bal (R.D.) Viernes, 2 de agosto de 2024. La Fiscal\u00eda de San Crist\u00f3bal solicit\u00f3 prisi\u00f3n preventiva como medida de coerci\u00f3n en contra de dos miembros de la Armada de Rep\u00fablica Dominicana imputados de quitarle la vida a un adolescente, durante una discusi\u00f3n.<\/p>\n\n\n\n<p>El Ministerio P\u00fablico de esta demarcaci\u00f3n deposit\u00f3 una instancia por ante la Oficina Judicial de Servicios de Atenci\u00f3n Permanente luego de que ejecutara la orden judicial de arresto No. 01541 \u20132024-AJOR -01745 contra los imputados Isaac Junior Sep\u00falveda Herrera (a) Junior Guerrero, de 26 a\u00f1os de edad, y \u00c1ngel Luis Guerrero (a) el Guardia, de 24 a\u00f1os.&nbsp; Dicho tribunal conoce este viernes la solicitud de medida de coercion.<\/p>\n\n\n\n<p>El \u00f3rgano&nbsp; investigador precis\u00f3 que el hecho ocurri\u00f3 el pasado 29 de julio del presente a\u00f1o, mientras Edwin Montero Pimentel y el hoy occiso de 14 a\u00f1os de edad, se encontraban compartiendo en las afueras de la casa de una prima, nombrada la Chula, ubicada en el sector Rinc\u00f3n Alto del Quilombo del sector Quita Sue\u00f1o del municipio de Haina, San Crist\u00f3bal.<\/p>\n\n\n\n<p>De acuerdo con la instancia, los imputados se encontraban cerca de la vivienda, momento que fue aprovechado por Montero Pimentel&nbsp; para cobrar un dinero a un hermano del imputado \u00c1ngel Luis Guerrero, quien respondi\u00f3 sacando un arma de fuego con la que le golpe\u00f3 en la cabeza.<\/p>\n\n\n\n<p>Ante la situaci\u00f3n, el hoy occiso intervino en la discusi\u00f3n donde fue alcanzado por un proyectil de arma de fuego en la cabeza con entrada y salida, acci\u00f3n que le seg\u00f3 la vida al instante.<\/p>\n\n\n\n<p>El Ministerio P\u00fablico ha asignado a los hechos la calificaci\u00f3n jur\u00eddica provisional de violaci\u00f3n a los art\u00edculos 265, 266, 295 y 304 del C\u00f3digo Penal, as\u00ed como los art\u00edculos 66 y\u00a0 67 de la Ley 631-16 para el Control y Regulaci\u00f3n de Armas, Municiones y Materiales Relacionados.<\/p>\n\n\n\n<figure class=\"wp-block-table\"><table><tbody><tr><td><strong>Comunicaciones PGR<\/strong><\/td><\/tr><\/tbody><\/table><\/figure>\n","protected":false},"excerpt":{"rendered":"<p>diariodominicano.com San Crist\u00f3bal (R.D.) Viernes, 2 de agosto de 2024. La Fiscal\u00eda de San Crist\u00f3bal solicit\u00f3 prisi\u00f3n preventiva como medida de coerci\u00f3n en contra de dos miembros de la Armada de Rep\u00fablica Dominicana imputados de quitarle la vida a un adolescente, durante una discusi\u00f3n. El Ministerio P\u00fablico de esta demarcaci\u00f3n deposit\u00f3 una instancia por ante [&hellip;]<\/p>\n","protected":false},"author":5,"featured_media":517350,"comment_status":"closed","ping_status":"closed","sticky":true,"template":"","format":"standard","meta":{"footnotes":""},"categories":[24,27],"tags":[],"class_list":["post-549458","post","type-post","status-publish","format-standard","has-post-thumbnail","hentry","category-justicia-y-derecho","category-portada"],"_links":{"self":[{"href":"https:\/\/diariodominicano.com\/index.php?rest_route=\/wp\/v2\/posts\/549458","targetHints":{"allow":["GET"]}}],"collection":[{"href":"https:\/\/diariodominicano.com\/index.php?rest_route=\/wp\/v2\/posts"}],"about":[{"href":"https:\/\/diariodominicano.com\/index.php?rest_route=\/wp\/v2\/types\/post"}],"author":[{"embeddable":true,"href":"https:\/\/diariodominicano.com\/index.php?rest_route=\/wp\/v2\/users\/5"}],"replies":[{"embeddable":true,"href":"https:\/\/diariodominicano.com\/index.php?rest_route=%2Fwp%2Fv2%2Fcomments&post=549458"}],"version-history":[{"count":1,"href":"https:\/\/diariodominicano.com\/index.php?rest_route=\/wp\/v2\/posts\/549458\/revisions"}],"predecessor-version":[{"id":549459,"href":"https:\/\/diariodominicano.com\/index.php?rest_route=\/wp\/v2\/posts\/549458\/revisions\/549459"}],"wp:featuredmedia":[{"embeddable":true,"href":"https:\/\/diariodominicano.com\/index.php?rest_route=\/wp\/v2\/media\/517350"}],"wp:attachment":[{"href":"https:\/\/diariodominicano.com\/index.php?rest_route=%2Fwp%2Fv2%2Fmedia&parent=549458"}],"wp:term":[{"taxonomy":"category","embeddable":true,"href":"https:\/\/diariodominicano.com\/index.php?rest_route=%2Fwp%2Fv2%2Fcategories&post=549458"},{"taxonomy":"post_tag","embeddable":true,"href":"https:\/\/diariodominicano.com\/index.php?rest_route=%2Fwp%2Fv2%2Ftags&post=549458"}],"curies":[{"name":"wp","href":"https:\/\/api.w.org\/{rel}","templated":true}]}}