{"id":549341,"date":"2024-08-01T22:45:27","date_gmt":"2024-08-02T02:45:27","guid":{"rendered":"https:\/\/diariodominicano.com\/?p=549341"},"modified":"2024-08-01T22:48:10","modified_gmt":"2024-08-02T02:48:10","slug":"ingrid-gomez-presenta-la-quinta-temporada-de-mujeres-al-borde-con-un-nuevo-elenco-y-renovada-energia","status":"publish","type":"post","link":"https:\/\/diariodominicano.com\/?p=549341","title":{"rendered":"Ingrid G\u00f3mez presenta la quinta temporada de \u201cMujeres al Borde\u201d, con un nuevo elenco y renovada energ\u00eda"},"content":{"rendered":"\n<p><em>Durante la celebraci\u00f3n del d\u00e9cimo aniversario, la destacada comunicadora invit\u00f3 a sintonizar el programa desde este 1 de agosto, de 12:30 a 2:00 de la tarde, por la estaci\u00f3n radial Estrella 90.5 FM, del Grupo Medrano<\/em><\/p>\n\n\n\n<p><strong>SANTO DOMINGO<\/strong>, RD.- La destacada comunicadora y coach Ingrid G\u00f3mez anuncia con orgullo el inicio de la quinta temporada de su exitoso programa radial\u00a0<strong>\u201cMujeres al Borde\u201d<\/strong>, desde este jueves 1 de agosto.<\/p>\n\n\n\n<p>Con una trayectoria de 10 a\u00f1os, G\u00f3mez celebra el impacto positivo y formativo de su plataforma, que ha contribuido significativamente al crecimiento de comunicadoras con prop\u00f3sito.<\/p>\n\n\n\n<p>\u201cEn estos 10 a\u00f1os puedo decir con orgullo que cada temporada ha sido maravillosa. Sin duda, hemos contribuido a impulsar comunicadoras con prop\u00f3sito, y con cada una he sido maestra y aprendiz\u201d, expres\u00f3 Ingrid G\u00f3mez.<\/p>\n\n\n\n<p>El programa&nbsp;<strong>\u201cMujeres al Borde\u201d<\/strong>, conocido por su enfoque en informar, educar y entretener, regresa con una propuesta renovada que combina crecimiento, actualidad, humor y picard\u00eda.<\/p>\n\n\n\n<p><strong>La nueva temporada promete ser impactante con un talentoso elenco conformado por:<\/strong><\/p>\n\n\n\n<p><strong>-Cristal S\u00e1nchez (@viveloconcris):<\/strong>&nbsp;Cari\u00f1osamente Cris, una carism\u00e1tica locutora, que adem\u00e1s de comunicar, es una madre aventurera que ama ir con sus chiquillos recolectando recuerdos por los rincones m\u00e1s bellos de nuestra tierra.<\/p>\n\n\n\n<p><strong>-Estefany Pina:<\/strong>&nbsp;La del coraz\u00f3n creativo, Radio Host, Actriz y Productora, con un gran sentido del humor, y toda una mami influencer con su peque\u00f1\u00edn.<\/p>\n\n\n\n<p><strong>-Katherine N\u00fa\u00f1ez:<\/strong>&nbsp;Representante del Cibao, fen\u00f3meno en las redes, comediante y reflexiva, le dicen \u201cla mujer del SAOCO\u201d.<\/p>\n\n\n\n<p><strong>-Paloma Rodr\u00edguez:<\/strong>&nbsp;Una de las mejores voces del pa\u00eds, con opiniones y an\u00e1lisis<\/p>\n\n\n\n<p>sociopol\u00edticos admirables, una milenial brillante.<\/p>\n\n\n\n<p>As\u00ed mismo, Ingrid G\u00f3mez destac\u00f3 la importancia de liderar y formar nuevos talentos: \u201cHoy d\u00eda m\u00e1s que nunca, necesitamos contrarrestar los antivalores y destacar que es posible informar, educar y entretener con gracia. Existe una hermosa comunidad de personas que valoran el contenido de valor, y es necesario apostar por ello\u201d, resalt\u00f3.<\/p>\n\n\n\n<p>Agreg\u00f3 que su misi\u00f3n es lograr que la nueva camada de j\u00f3venes talentos aporte frescura y entretenimiento, sin perder el prop\u00f3sito de impactar de manera positiva a quienes nos escuchen o nos sigan.<\/p>\n\n\n\n<p>Aprovechando el marco del 10\u00ba aniversario de&nbsp;<strong>\u201cMujeres al Borde\u201d<\/strong>, G\u00f3mez comparti\u00f3 con los amigos de la prensa y colaboradores del show, la presentaci\u00f3n oficial del nuevo elenco para esta temporada, que asegur\u00f3 promete ser hist\u00f3rica.<\/p>\n\n\n\n<p>La comunicadora y coach invit\u00f3 a estar en sinton\u00eda cada mediod\u00eda de 12:30 a 2:00 pm por la estaci\u00f3n radial&nbsp;<strong>Estrella 90.5 FM, del Grupo Medrano.<\/strong><\/p>\n\n\n\n<p>\u201cA partir de este jueves 1 de agosto, te esperamos cargadas de energ\u00eda, estrenando<\/p>\n\n\n\n<p>temporada\u201d, reiter\u00f3 la productora.<\/p>\n\n\n\n<p>Adem\u00e1s, el programa est\u00e1 disponible en la plataforma\u00a0<strong>MujeresAlBordePodcast<\/strong>\u00a0y en YouTube como\u00a0<strong>Mujeresalborderd.<\/strong><\/p>\n\n\n\n<p>Henry Coradin<\/p>\n\n\n\n<p><a target=\"_blank\" href=\"mailto:henrycoradinrelacionespublicas@gmail.com\" rel=\"noreferrer noopener\">henrycoradinrelacionespublicas@g<\/a><\/p>\n","protected":false},"excerpt":{"rendered":"<p>Durante la celebraci\u00f3n del d\u00e9cimo aniversario, la destacada comunicadora invit\u00f3 a sintonizar el programa desde este 1 de agosto, de 12:30 a 2:00 de la tarde, por la estaci\u00f3n radial Estrella 90.5 FM, del Grupo Medrano SANTO DOMINGO, RD.- La destacada comunicadora y coach Ingrid G\u00f3mez anuncia con orgullo el inicio de la quinta temporada [&hellip;]<\/p>\n","protected":false},"author":28,"featured_media":0,"comment_status":"closed","ping_status":"closed","sticky":true,"template":"","format":"standard","meta":{"footnotes":""},"categories":[36,25],"tags":[],"class_list":["post-549341","post","type-post","status-publish","format-standard","hentry","category-hombresmujeresycosas","category-gente"],"_links":{"self":[{"href":"https:\/\/diariodominicano.com\/index.php?rest_route=\/wp\/v2\/posts\/549341","targetHints":{"allow":["GET"]}}],"collection":[{"href":"https:\/\/diariodominicano.com\/index.php?rest_route=\/wp\/v2\/posts"}],"about":[{"href":"https:\/\/diariodominicano.com\/index.php?rest_route=\/wp\/v2\/types\/post"}],"author":[{"embeddable":true,"href":"https:\/\/diariodominicano.com\/index.php?rest_route=\/wp\/v2\/users\/28"}],"replies":[{"embeddable":true,"href":"https:\/\/diariodominicano.com\/index.php?rest_route=%2Fwp%2Fv2%2Fcomments&post=549341"}],"version-history":[{"count":2,"href":"https:\/\/diariodominicano.com\/index.php?rest_route=\/wp\/v2\/posts\/549341\/revisions"}],"predecessor-version":[{"id":549343,"href":"https:\/\/diariodominicano.com\/index.php?rest_route=\/wp\/v2\/posts\/549341\/revisions\/549343"}],"wp:attachment":[{"href":"https:\/\/diariodominicano.com\/index.php?rest_route=%2Fwp%2Fv2%2Fmedia&parent=549341"}],"wp:term":[{"taxonomy":"category","embeddable":true,"href":"https:\/\/diariodominicano.com\/index.php?rest_route=%2Fwp%2Fv2%2Fcategories&post=549341"},{"taxonomy":"post_tag","embeddable":true,"href":"https:\/\/diariodominicano.com\/index.php?rest_route=%2Fwp%2Fv2%2Ftags&post=549341"}],"curies":[{"name":"wp","href":"https:\/\/api.w.org\/{rel}","templated":true}]}}