{"id":54929,"date":"2020-03-11T00:49:35","date_gmt":"2020-03-11T00:49:35","guid":{"rendered":"http:\/\/diariodominicano.ddns.net\/?p=54929"},"modified":"2020-03-11T00:49:35","modified_gmt":"2020-03-11T00:49:35","slug":"francia-decidida-a-romper-cerco-de-haiti-en-santo-domingo","status":"publish","type":"post","link":"https:\/\/diariodominicano.com\/?p=54929","title":{"rendered":"Francia decidida a romper cerco de Hait\u00ed en Santo Domingo"},"content":{"rendered":"<p><body><\/p>\n<p><img decoding=\"async\" src=\"img3\/Ferrand.jpg\" \/><br \/><img decoding=\"async\" src=\"img3\/Desalines arc.jpg\" \/>  <\/p>\n<p><strong><span class=\"text1noticias\">Diariodominicano.com<\/span><\/strong><\/p>\n<p><strong><span class=\"text1noticias\">Francia decidida a romper cerco de Hait\u00ed en Santo Domingo<\/span><\/strong><\/p>\n<\/p>\n<p><span class=\"text1noticias\">Las tropas haitianas eran comandadas por los generales Enrique Crist\u00f3bal, y Jacques Dessalines, quienes ten\u00edan el prop\u00f3sito de desalojar de la isla a las fuerzas de Francia que comandaba el general Eugene Ferrand.<\/span><\/p>\n<\/p>\n<p><strong><span class=\"text1noticias\">SANTO DOMINGO,  el 11 de marzo de 1805,<\/span><\/strong><span class=\"text1noticias\"> las tropas francesas al mando del General Eugene Ferrand intentaron romper el cerco que hab\u00eda tendido a la ciudad de Santo Domingo  con 21 mil hombres el Ej\u00e9rcito de Hait\u00ed.<\/span><\/p>\n<\/p>\n<p><span class=\"text1noticias\">Las tropas haitianas eran comandadas por los generales Enrique Crist\u00f3bal, y Jacques Dessalines, quienes ten\u00edan el prop\u00f3sito de desalojar de la isla a las fuerzas de Francia que comandaba el general Eugene Ferrand.<\/span><\/p>\n<\/p>\n<p><span class=\"text1noticias\">\tEl Ej\u00e9rcito haitiano hab\u00eda rodeado la ciudad de Santo Domingo, el 8 de marzo de 1805.<\/span><\/p>\n<\/p>\n<p><span class=\"text1noticias\">En el momento que se produjo la entrada de los haitianos, los franceses estaban listos para la resistencia. <\/span><\/p>\n<\/p>\n<p><span class=\"text1noticias\">El  general Ferrand hab\u00eda preparado la defensa de la plaza e incendi\u00f3 el poblado de San Carlos y elev\u00f3 la muralla.<\/span><\/p>\n<\/p>\n<p><span class=\"text1noticias\">\tEl jefe militar Franc\u00e9s tambi\u00e9n hizo acopio de v\u00edveres y arm\u00f3 para la guerra a la poblaci\u00f3n h\u00e1bil, la cual lleg\u00f3 a dos mil hombres.<\/span><\/p>\n<\/p>\n<p><span class=\"text1noticias\">\tLos haitianos mantuvieron el cerco durante tres semanas, pero no lograron la rendici\u00f3n de los franceses, quienes se mantuvieron en pie hasta que llegaron refuerzos de Francia, lo que oblig\u00f3 a los comandantes haitianos a retornar sus tropas a la Rep\u00fablica de Hait\u00ed, porque temieron las escuadras francesas se dirigieran hacia el Oeste a retomar su antigua colonia.<\/span><\/p>\n<\/p>\n<\/p>\n<\/p>\n<h6> 2020-03-11 00:49:35 <\/h6>\n<p><!--\n<link rel=\"stylesheet\" href=\"css\/bootstrap.min.css\">\n\n\n<ul class=\"pagination\">\n\t    \n\t\n\n<li >\n\t<a href='?page_no=701'>Previous<\/a>\n\t<\/li>\n\n\n       \n    \n\n<li><a href='?page_no=1'>1<\/a><\/li>\n\n\n\n<li><a href='?page_no=2'>2<\/a><\/li>\n\n\n\n<li><a>...<\/a><\/li>\n\n\n\n<li><a href='?page_no=700'>700<\/a><\/li>\n\n\n\n<li><a href='?page_no=701'>701<\/a><\/li>\n\n\n\n<li class='active'><a>702<\/a><\/li>\n\n\n\n<li><a href='?page_no=703'>703<\/a><\/li>\n\n\n\n<li><a href='?page_no=704'>704<\/a><\/li>\n\n\n\n<li><a>...<\/a><\/li>\n\n\n\n<li><a href='?page_no=22911'>22911<\/a><\/li>\n\n\n\n<li><a href='?page_no=22912'>22912<\/a><\/li>\n\n    \n\t\n\n<li >\n\t<a href='?page_no=703'>Next<\/a>\n\t<\/li>\n\n\n    \n\n<li><a href='?page_no=22912'>Last &rsaquo;&rsaquo;<\/a><\/li>\n\n<\/ul>\n\n\n--><br \/>\n<\/body><\/p>\n","protected":false},"excerpt":{"rendered":"<p>Diariodominicano.com Francia decidida a romper cerco de Hait\u00ed en Santo Domingo Las tropas haitianas eran comandadas por los generales Enrique Crist\u00f3bal, y Jacques Dessalines, quienes ten\u00edan el prop\u00f3sito de desalojar de la isla a las fuerzas de Francia que comandaba el general Eugene Ferrand. SANTO DOMINGO, el 11 de marzo de 1805, las tropas francesas [&hellip;]<\/p>\n","protected":false},"author":3,"featured_media":0,"comment_status":"open","ping_status":"open","sticky":false,"template":"","format":"standard","meta":{"footnotes":""},"categories":[21],"tags":[],"class_list":["post-54929","post","type-post","status-publish","format-standard","hentry","category-cultura"],"_links":{"self":[{"href":"https:\/\/diariodominicano.com\/index.php?rest_route=\/wp\/v2\/posts\/54929","targetHints":{"allow":["GET"]}}],"collection":[{"href":"https:\/\/diariodominicano.com\/index.php?rest_route=\/wp\/v2\/posts"}],"about":[{"href":"https:\/\/diariodominicano.com\/index.php?rest_route=\/wp\/v2\/types\/post"}],"author":[{"embeddable":true,"href":"https:\/\/diariodominicano.com\/index.php?rest_route=\/wp\/v2\/users\/3"}],"replies":[{"embeddable":true,"href":"https:\/\/diariodominicano.com\/index.php?rest_route=%2Fwp%2Fv2%2Fcomments&post=54929"}],"version-history":[{"count":0,"href":"https:\/\/diariodominicano.com\/index.php?rest_route=\/wp\/v2\/posts\/54929\/revisions"}],"wp:attachment":[{"href":"https:\/\/diariodominicano.com\/index.php?rest_route=%2Fwp%2Fv2%2Fmedia&parent=54929"}],"wp:term":[{"taxonomy":"category","embeddable":true,"href":"https:\/\/diariodominicano.com\/index.php?rest_route=%2Fwp%2Fv2%2Fcategories&post=54929"},{"taxonomy":"post_tag","embeddable":true,"href":"https:\/\/diariodominicano.com\/index.php?rest_route=%2Fwp%2Fv2%2Ftags&post=54929"}],"curies":[{"name":"wp","href":"https:\/\/api.w.org\/{rel}","templated":true}]}}