{"id":54918,"date":"2020-03-11T00:54:52","date_gmt":"2020-03-11T00:54:52","guid":{"rendered":"http:\/\/diariodominicano.ddns.net\/?p=54918"},"modified":"2020-03-11T00:54:52","modified_gmt":"2020-03-11T00:54:52","slug":"duarte-llega-a-gran-cayo-venezuela-2","status":"publish","type":"post","link":"https:\/\/diariodominicano.com\/?p=54918","title":{"rendered":"Duarte llega a Gran Cayo, Venezuela"},"content":{"rendered":"<p><body><\/p>\n<p><strong>Diariodominicano.com<\/strong><\/p>\n<p><strong> Duarte llega a Gran Cayo, Venezuel<\/strong><\/p>\n<p>Duarte ten\u00eda el prop\u00f3sito de llegar al pa\u00eds para unirse a las tropas restauradoras.<\/p>\n<\/p>\n<p><strong>GRAN  CAYO, Venezuela, el  11 de marzo de 1864,<\/strong> el patricio Juan Pablo Duarte lleg\u00f3 a Gran Cayo, Venezuela, en su viaje con destino a la Rep\u00fablica Dominicana, donde se desarrollaba la Guerra de la Restauraci\u00f3n.<\/p>\n<\/p>\n<p>\tDuarte ten\u00eda el prop\u00f3sito de llegar al pa\u00eds para unirse a las tropas restauradoras.<\/p>\n<\/p>\n<p>\tEl creador de la nacionalidad dominicana se encontraba exiliado en Caracas, pero al enterarse de la lucha de los restauradores,  tom\u00f3 la decisi\u00f3n de regresar al territorio nacional para apoyar la lucha por la Restauraci\u00f3n de la Rep\u00fablica.<\/p>\n<\/p>\n<h6> 2020-03-11 00:54:52 <\/h6>\n<p><!--\n<link rel=\"stylesheet\" href=\"css\/bootstrap.min.css\">\n\n\n<ul class=\"pagination\">\n\t    \n\t\n\n<li >\n\t<a href='?page_no=700'>Previous<\/a>\n\t<\/li>\n\n\n       \n    \n\n<li><a href='?page_no=1'>1<\/a><\/li>\n\n\n\n<li><a href='?page_no=2'>2<\/a><\/li>\n\n\n\n<li><a>...<\/a><\/li>\n\n\n\n<li><a href='?page_no=699'>699<\/a><\/li>\n\n\n\n<li><a href='?page_no=700'>700<\/a><\/li>\n\n\n\n<li class='active'><a>701<\/a><\/li>\n\n\n\n<li><a href='?page_no=702'>702<\/a><\/li>\n\n\n\n<li><a href='?page_no=703'>703<\/a><\/li>\n\n\n\n<li><a>...<\/a><\/li>\n\n\n\n<li><a href='?page_no=22911'>22911<\/a><\/li>\n\n\n\n<li><a href='?page_no=22912'>22912<\/a><\/li>\n\n    \n\t\n\n<li >\n\t<a href='?page_no=702'>Next<\/a>\n\t<\/li>\n\n\n    \n\n<li><a href='?page_no=22912'>Last &rsaquo;&rsaquo;<\/a><\/li>\n\n<\/ul>\n\n\n--><br \/>\n<\/body><\/p>\n","protected":false},"excerpt":{"rendered":"<p>Diariodominicano.com Duarte llega a Gran Cayo, Venezuel Duarte ten\u00eda el prop\u00f3sito de llegar al pa\u00eds para unirse a las tropas restauradoras. GRAN CAYO, Venezuela, el 11 de marzo de 1864, el patricio Juan Pablo Duarte lleg\u00f3 a Gran Cayo, Venezuela, en su viaje con destino a la Rep\u00fablica Dominicana, donde se desarrollaba la Guerra de [&hellip;]<\/p>\n","protected":false},"author":3,"featured_media":0,"comment_status":"open","ping_status":"open","sticky":false,"template":"","format":"standard","meta":{"footnotes":""},"categories":[21],"tags":[],"class_list":["post-54918","post","type-post","status-publish","format-standard","hentry","category-cultura"],"_links":{"self":[{"href":"https:\/\/diariodominicano.com\/index.php?rest_route=\/wp\/v2\/posts\/54918","targetHints":{"allow":["GET"]}}],"collection":[{"href":"https:\/\/diariodominicano.com\/index.php?rest_route=\/wp\/v2\/posts"}],"about":[{"href":"https:\/\/diariodominicano.com\/index.php?rest_route=\/wp\/v2\/types\/post"}],"author":[{"embeddable":true,"href":"https:\/\/diariodominicano.com\/index.php?rest_route=\/wp\/v2\/users\/3"}],"replies":[{"embeddable":true,"href":"https:\/\/diariodominicano.com\/index.php?rest_route=%2Fwp%2Fv2%2Fcomments&post=54918"}],"version-history":[{"count":0,"href":"https:\/\/diariodominicano.com\/index.php?rest_route=\/wp\/v2\/posts\/54918\/revisions"}],"wp:attachment":[{"href":"https:\/\/diariodominicano.com\/index.php?rest_route=%2Fwp%2Fv2%2Fmedia&parent=54918"}],"wp:term":[{"taxonomy":"category","embeddable":true,"href":"https:\/\/diariodominicano.com\/index.php?rest_route=%2Fwp%2Fv2%2Fcategories&post=54918"},{"taxonomy":"post_tag","embeddable":true,"href":"https:\/\/diariodominicano.com\/index.php?rest_route=%2Fwp%2Fv2%2Ftags&post=54918"}],"curies":[{"name":"wp","href":"https:\/\/api.w.org\/{rel}","templated":true}]}}