{"id":54906,"date":"2020-11-07T15:18:49","date_gmt":"2020-11-07T15:18:49","guid":{"rendered":"http:\/\/diariodominicano.ddns.net\/?p=54906"},"modified":"2020-11-07T15:18:49","modified_gmt":"2020-11-07T15:18:49","slug":"ministro-del-mescyt-y-obispo-de-barahona-encabezan-graduacion-de-643-estudiantes-de-ucateba","status":"publish","type":"post","link":"https:\/\/diariodominicano.com\/?p=54906","title":{"rendered":"Ministro del MESCYT y Obispo de Barahona encabezan graduaci\u00f3n de 643 estudiantes de UCATEBA"},"content":{"rendered":"<p><body><\/p>\n<p><img decoding=\"async\" src=\"img3\/GarciaFerminBarahona7-11-20.JPG\" \/>  <\/p>\n<p><span class=\"text1noticias\">diariodominicano.com<\/span><\/p>\n<p><span class=\"text1noticias\"> <\/span><\/p>\n<p><span class=\"text1noticias\">Santo Domingo, R. D., 7 de noviembre, 2020.- El ministro de Educaci\u00f3n Superior, Ciencia y Tecnolog\u00eda, doctor Franklin Garc\u00eda Ferm\u00edn, y el obispo de la Di\u00f3cesis de Barahona, monse\u00f1or Napole\u00f3n Romero C\u00e1rdenas, encabezaron este s\u00e1bado la graduaci\u00f3n ordinaria de 643 estudiantes de distintas carreras y especialidades de la Universidad Cat\u00f3lica Tecnol\u00f3gica de Barahona (UCATEBA).<\/span><\/p>\n<\/p>\n<p><span class=\"text1noticias\">Unos 442 egresan de las carreras de derecho, administraci\u00f3n de empresas, contabilidad, mercadeo, hoteler\u00eda y turismo, educaci\u00f3n, enfermer\u00eda e inform\u00e1tica.<\/span><\/p>\n<\/p>\n<p><span class=\"text1noticias\">De igual manera, 221 se invisten de posgrados y maestr\u00edas en diferentes \u00e1reas del conocimiento.<\/span><\/p>\n<p><span class=\"text1noticias\">Al pronunciar el discurso de orden de la investidura virtual, Garc\u00eda Ferm\u00edn afirm\u00f3 que llegar\u00e1 el momento en que no solo la docencia ser\u00e1 on line sino que se har\u00e1n v\u00eda digital tambi\u00e9n todos los procesos y los servicios de la academia, como lo son los r\u00e9cords de notas, las cartas de anillo, las cartas de finalizaci\u00f3n y los pagos.<\/span><\/p>\n<p><span class=\"text1noticias\">\u00abHace apenas tres d\u00edas firm\u00e9 un contrato con la plataforma EBSCO para el acceso, v\u00eda virtual, a inmensas bases de datos y bibliotecas mundiales que brindan miles de libros y revistas cient\u00edficas a profesores, investigadores y estudiantes\u00bb.<\/span><\/p>\n<\/p>\n<p><span class=\"text1noticias\">Se trata de un servicio de acceso a bases de datos bibliogr\u00e1ficas, cient\u00edficas, tecnol\u00f3gicas y human\u00edsticas para el fortalecimiento de la docencia y la investigaci\u00f3n para la educaci\u00f3n superior de la Rep\u00fablica Dominicana.<\/span><\/p>\n<\/p>\n<p><span class=\"text1noticias\">Asegur\u00f3 que para estar en condiciones de enfrentar la Covid 19 que sigue causando estragos en la humanidad, las universidades deben desplegar ingentes esfuerzos conducentes a una adaptaci\u00f3n progresiva para seguir sirviendo a la sociedad dominicana.<\/span><\/p>\n<\/p>\n<p><span class=\"text1noticias\">\u00abHace unos a\u00f1os, celebrar una investidura v\u00eda virtual era una proeza, pero ha sobrevenido la nueva realidad y todo apunta a que las universidades sobrevivientes de la pandemia ser\u00e1n las que sean capaces de migrar de la docencia presencial a hacia la docencia remota\u00bb, agreg\u00f3.<\/span><\/p>\n<\/p>\n<p><span class=\"text1noticias\">En la graduaci\u00f3n virtual de UCATEBA, adem\u00e1s de monse\u00f1or Napole\u00f3n Romero C\u00e1rdenas, participaron su rector, el reverendo Secilio Espinal; el vicerrector acad\u00e9mico, Juan Homaldo Veras; y la vicerrectora administrativa, Milagros P\u00e9rez Mendieta.<\/span><\/p>\n<p><span class=\"text1noticias\"> <\/span><\/p>\n<p><span class=\"text1noticias\"> <\/span><\/p>\n<p><span class=\"text1noticias\">Fuente: Julian Sosa<\/span><\/p>\n<p><span class=\"text1noticias\"> <\/span><\/p>\n<h6> 2020-11-07 15:18:49 <\/h6>\n<p><!--\n<link rel=\"stylesheet\" href=\"css\/bootstrap.min.css\">\n\n\n<ul class=\"pagination\">\n\t    \n\t\n\n<li >\n\t<a href='?page_no=69'>Previous<\/a>\n\t<\/li>\n\n\n       \n    \n\n<li><a href='?page_no=1'>1<\/a><\/li>\n\n\n\n<li><a href='?page_no=2'>2<\/a><\/li>\n\n\n\n<li><a>...<\/a><\/li>\n\n\n\n<li><a href='?page_no=68'>68<\/a><\/li>\n\n\n\n<li><a href='?page_no=69'>69<\/a><\/li>\n\n\n\n<li class='active'><a>70<\/a><\/li>\n\n\n\n<li><a href='?page_no=71'>71<\/a><\/li>\n\n\n\n<li><a href='?page_no=72'>72<\/a><\/li>\n\n\n\n<li><a>...<\/a><\/li>\n\n\n\n<li><a href='?page_no=22911'>22911<\/a><\/li>\n\n\n\n<li><a href='?page_no=22912'>22912<\/a><\/li>\n\n    \n\t\n\n<li >\n\t<a href='?page_no=71'>Next<\/a>\n\t<\/li>\n\n\n    \n\n<li><a href='?page_no=22912'>Last &rsaquo;&rsaquo;<\/a><\/li>\n\n<\/ul>\n\n\n--><br \/>\n<\/body><\/p>\n","protected":false},"excerpt":{"rendered":"<p>diariodominicano.com Santo Domingo, R. D., 7 de noviembre, 2020.- El ministro de Educaci\u00f3n Superior, Ciencia y Tecnolog\u00eda, doctor Franklin Garc\u00eda Ferm\u00edn, y el obispo de la Di\u00f3cesis de Barahona, monse\u00f1or Napole\u00f3n Romero C\u00e1rdenas, encabezaron este s\u00e1bado la graduaci\u00f3n ordinaria de 643 estudiantes de distintas carreras y especialidades de la Universidad Cat\u00f3lica Tecnol\u00f3gica de Barahona (UCATEBA). [&hellip;]<\/p>\n","protected":false},"author":3,"featured_media":0,"comment_status":"open","ping_status":"open","sticky":false,"template":"","format":"standard","meta":{"footnotes":""},"categories":[21],"tags":[],"class_list":["post-54906","post","type-post","status-publish","format-standard","hentry","category-cultura"],"_links":{"self":[{"href":"https:\/\/diariodominicano.com\/index.php?rest_route=\/wp\/v2\/posts\/54906","targetHints":{"allow":["GET"]}}],"collection":[{"href":"https:\/\/diariodominicano.com\/index.php?rest_route=\/wp\/v2\/posts"}],"about":[{"href":"https:\/\/diariodominicano.com\/index.php?rest_route=\/wp\/v2\/types\/post"}],"author":[{"embeddable":true,"href":"https:\/\/diariodominicano.com\/index.php?rest_route=\/wp\/v2\/users\/3"}],"replies":[{"embeddable":true,"href":"https:\/\/diariodominicano.com\/index.php?rest_route=%2Fwp%2Fv2%2Fcomments&post=54906"}],"version-history":[{"count":0,"href":"https:\/\/diariodominicano.com\/index.php?rest_route=\/wp\/v2\/posts\/54906\/revisions"}],"wp:attachment":[{"href":"https:\/\/diariodominicano.com\/index.php?rest_route=%2Fwp%2Fv2%2Fmedia&parent=54906"}],"wp:term":[{"taxonomy":"category","embeddable":true,"href":"https:\/\/diariodominicano.com\/index.php?rest_route=%2Fwp%2Fv2%2Fcategories&post=54906"},{"taxonomy":"post_tag","embeddable":true,"href":"https:\/\/diariodominicano.com\/index.php?rest_route=%2Fwp%2Fv2%2Ftags&post=54906"}],"curies":[{"name":"wp","href":"https:\/\/api.w.org\/{rel}","templated":true}]}}