{"id":54905,"date":"2020-11-27T23:36:46","date_gmt":"2020-11-27T23:36:46","guid":{"rendered":"http:\/\/diariodominicano.ddns.net\/?p=54905"},"modified":"2020-11-27T23:36:46","modified_gmt":"2020-11-27T23:36:46","slug":"el-dia-que-fallecio-el-ex-presidente-gaspar-polanco","status":"publish","type":"post","link":"https:\/\/diariodominicano.com\/?p=54905","title":{"rendered":"El d\u00eda que falleci\u00f3 el ex presidente Gaspar Polanco"},"content":{"rendered":"<p><body><\/p>\n<p><img decoding=\"async\" src=\"img3\/Gaspar Polanco B.jpg\" \/>  <\/p>\n<p><strong>Diariodominicano.com<\/strong><\/p>\n<p><strong>El d\u00eda que falleci\u00f3 el ex presidente Gaspar Polanco<\/strong><\/p>\n<p><strong> LA VEGA, el  28 de noviembre de 1867,<\/strong> falleci\u00f3 en La Vega, el ex Presidente de la Rep\u00fablica, General Gaspar Polanco. Hab\u00eda nacido en Corral Viejo, Montecristi.<\/p>\n<\/p>\n<p>    El  10  de octubre de 1864, fue juramentado como Presidente de la Rep\u00fablica Dominicana.<\/p>\n<\/p>\n<p>    El d\u00eda anterior, el 9 de octubre, Gaspar Polanco hab\u00eda dirigido una conspiraci\u00f3n que culmin\u00f3 con el derrocamiento del  primer Presidente del Gobierno de la Restauraci\u00f3n, el general Jos\u00e9 Antonio  -Pepillo- Salcedo.<\/p>\n<\/p>\n<p>    El Gobierno de Gaspar Polanco s\u00f3lo dur\u00f3 tres meses pues cay\u00f3 en el descr\u00e9dito porque otorg\u00f3 m\u00faltiples privilegios a sus allegados, entre los que figuraban productores de tabaco del Cibao. <\/p>\n<\/p>\n<p>   Adem\u00e1s dirigi\u00f3 una administraci\u00f3n del Gobierno que se caracteriz\u00f3 por su intolerancia pol\u00edtica.<\/p>\n<\/p>\n<p>  Gaspar Polanco era analfabeto y alcanz\u00f3 sus m\u00e9ritos pol\u00edticos y militares por su participaci\u00f3n el 7 de julio de 1857, en el movimiento liberal que culmin\u00f3 con el derrocamiento  del Presidente Buenaventura B\u00e1ez, y su papel protag\u00f3nico en la Guerra de la Restauraci\u00f3n.<\/p>\n<p>    El 9 de octubre de 1863, Gaspar Polanco y un grupo de oficiales del Ej\u00e9rcito Restaurador, acusaron al Presidente Pepillo Salcedo de conducir la Revoluci\u00f3n de la Restauraci\u00f3n a la derrota.<\/p>\n<p>        Atribuyeron a Pepillo Salcedo haber  expresado que renunciar\u00eda y entregar\u00eda el poder a Buenaventura B\u00e1ez, quien  era considerado por Gaspar Polanco y sus hombres como un enemigo de los intereses del Cibao.<\/p>\n<p>     Se trataba de  hombres que  formaron parte del movimiento c\u00edvico militar que derroc\u00f3 el Gobierno de Buenaventura  B\u00e1ez en el a\u00f1o 1857.<\/p>\n<p>    El golpe de Estado contra el primer Gobierno de la Restauraci\u00f3n culmin\u00f3 con la juramentaci\u00f3n de Gaspar Polanco como nuevo Presidente de la Rep\u00fablica, el 10  de octubre de 1864.<\/p>\n<p>    El  General Gaspar Polanco,  entre las acciones de intolerancia pol\u00edtica que caracterizaron su administraci\u00f3n,  orden\u00f3 el fusilamiento del derrocado  Presidente Pepillo Salcedo, y de otros adversarios.<\/p>\n<p>      El Gobierno de Gaspar Polanco fue derrocado por otro movimiento militar en enero de 1865.<\/p>\n<\/p>\n<h6> 2020-11-27 23:36:46 <\/h6>\n<p><!--\n<link rel=\"stylesheet\" href=\"css\/bootstrap.min.css\">\n\n\n<ul class=\"pagination\">\n\t    \n\t\n\n<li >\n\t<a href='?page_no=6'>Previous<\/a>\n\t<\/li>\n\n\n       \n    \n\n<li><a href='?page_no=1'>1<\/a><\/li>\n\n\n\n<li><a href='?page_no=2'>2<\/a><\/li>\n\n\n\n<li><a>...<\/a><\/li>\n\n\n\n<li><a href='?page_no=5'>5<\/a><\/li>\n\n\n\n<li><a href='?page_no=6'>6<\/a><\/li>\n\n\n\n<li class='active'><a>7<\/a><\/li>\n\n\n\n<li><a href='?page_no=8'>8<\/a><\/li>\n\n\n\n<li><a href='?page_no=9'>9<\/a><\/li>\n\n\n\n<li><a>...<\/a><\/li>\n\n\n\n<li><a href='?page_no=22911'>22911<\/a><\/li>\n\n\n\n<li><a href='?page_no=22912'>22912<\/a><\/li>\n\n    \n\t\n\n<li >\n\t<a href='?page_no=8'>Next<\/a>\n\t<\/li>\n\n\n    \n\n<li><a href='?page_no=22912'>Last &rsaquo;&rsaquo;<\/a><\/li>\n\n<\/ul>\n\n\n--><br \/>\n<\/body><\/p>\n","protected":false},"excerpt":{"rendered":"<p>Diariodominicano.com El d\u00eda que falleci\u00f3 el ex presidente Gaspar Polanco LA VEGA, el 28 de noviembre de 1867, falleci\u00f3 en La Vega, el ex Presidente de la Rep\u00fablica, General Gaspar Polanco. Hab\u00eda nacido en Corral Viejo, Montecristi. El 10 de octubre de 1864, fue juramentado como Presidente de la Rep\u00fablica Dominicana. El d\u00eda anterior, el [&hellip;]<\/p>\n","protected":false},"author":3,"featured_media":0,"comment_status":"open","ping_status":"open","sticky":false,"template":"","format":"standard","meta":{"footnotes":""},"categories":[21],"tags":[],"class_list":["post-54905","post","type-post","status-publish","format-standard","hentry","category-cultura"],"_links":{"self":[{"href":"https:\/\/diariodominicano.com\/index.php?rest_route=\/wp\/v2\/posts\/54905","targetHints":{"allow":["GET"]}}],"collection":[{"href":"https:\/\/diariodominicano.com\/index.php?rest_route=\/wp\/v2\/posts"}],"about":[{"href":"https:\/\/diariodominicano.com\/index.php?rest_route=\/wp\/v2\/types\/post"}],"author":[{"embeddable":true,"href":"https:\/\/diariodominicano.com\/index.php?rest_route=\/wp\/v2\/users\/3"}],"replies":[{"embeddable":true,"href":"https:\/\/diariodominicano.com\/index.php?rest_route=%2Fwp%2Fv2%2Fcomments&post=54905"}],"version-history":[{"count":0,"href":"https:\/\/diariodominicano.com\/index.php?rest_route=\/wp\/v2\/posts\/54905\/revisions"}],"wp:attachment":[{"href":"https:\/\/diariodominicano.com\/index.php?rest_route=%2Fwp%2Fv2%2Fmedia&parent=54905"}],"wp:term":[{"taxonomy":"category","embeddable":true,"href":"https:\/\/diariodominicano.com\/index.php?rest_route=%2Fwp%2Fv2%2Fcategories&post=54905"},{"taxonomy":"post_tag","embeddable":true,"href":"https:\/\/diariodominicano.com\/index.php?rest_route=%2Fwp%2Fv2%2Ftags&post=54905"}],"curies":[{"name":"wp","href":"https:\/\/api.w.org\/{rel}","templated":true}]}}