{"id":54894,"date":"2020-03-12T08:18:08","date_gmt":"2020-03-12T08:18:08","guid":{"rendered":"http:\/\/diariodominicano.ddns.net\/?p=54894"},"modified":"2020-03-12T08:18:08","modified_gmt":"2020-03-12T08:18:08","slug":"republica-dominicana-prepara-tropas-para-enfrentar-invasion-de-haiti","status":"publish","type":"post","link":"https:\/\/diariodominicano.com\/?p=54894","title":{"rendered":"Rep\u00fablica Dominicana prepara tropas para enfrentar  invasi\u00f3n de Hait\u00ed"},"content":{"rendered":"<p><body><\/p>\n<p><img decoding=\"async\" src=\"img3\/Santana00.jpg\" \/>  <\/p>\n<p><strong> Diariodominicano.com<\/strong><\/p>\n<p><strong>La decisi\u00f3n fue comunicada a Lorenzo Santamar\u00eda, en una resoluci\u00f3n del organismo de Gobierno suscrita por sus miembros encabezados por el presidente Tom\u00e1s Bobadilla y Briones.<\/strong><\/p>\n<p><strong>Por HTN<\/strong><\/p>\n<p><strong>Diariodominicano.com<\/strong><\/p>\n<\/p>\n<p><strong>SANTO DOMINGO, <\/strong> el 12 de marzo de 1844, la Junta Central Gubernativa nombr\u00f3 a Lorenzo Santamar\u00eda, secretario particular o reservado del general Pedro Santana en la expedici\u00f3n de Azua.<\/p>\n<p>     La decisi\u00f3n fue comunicada a Lorenzo Santamar\u00eda, en una resoluci\u00f3n del organismo de Gobierno suscrita por sus miembros encabezados por el presidente Tom\u00e1s Bobadilla y Briones.<\/p>\n<p>    Le expresaron que fue nombrado en el cargo vista la capacidad y acierto con que ha procedido en estas circunstancias, as\u00ed como por su patriotismo y celo.<\/p>\n<p>    En el momento en que se produjo la designaci\u00f3n el general  Pedro Santana se encontraba al frente de las tropas que estaban preparadas para enfrentar las invasiones de Hait\u00ed, que hab\u00eda anunciado su presidente Charles Herard.<\/p>\n<\/p>\n<h6> 2020-03-12 08:18:08 <\/h6>\n<p><!--\n<link rel=\"stylesheet\" href=\"css\/bootstrap.min.css\">\n\n\n<ul class=\"pagination\">\n\t    \n\t\n\n<li >\n\t<a href='?page_no=698'>Previous<\/a>\n\t<\/li>\n\n\n       \n    \n\n<li><a href='?page_no=1'>1<\/a><\/li>\n\n\n\n<li><a href='?page_no=2'>2<\/a><\/li>\n\n\n\n<li><a>...<\/a><\/li>\n\n\n\n<li><a href='?page_no=697'>697<\/a><\/li>\n\n\n\n<li><a href='?page_no=698'>698<\/a><\/li>\n\n\n\n<li class='active'><a>699<\/a><\/li>\n\n\n\n<li><a href='?page_no=700'>700<\/a><\/li>\n\n\n\n<li><a href='?page_no=701'>701<\/a><\/li>\n\n\n\n<li><a>...<\/a><\/li>\n\n\n\n<li><a href='?page_no=22911'>22911<\/a><\/li>\n\n\n\n<li><a href='?page_no=22912'>22912<\/a><\/li>\n\n    \n\t\n\n<li >\n\t<a href='?page_no=700'>Next<\/a>\n\t<\/li>\n\n\n    \n\n<li><a href='?page_no=22912'>Last &rsaquo;&rsaquo;<\/a><\/li>\n\n<\/ul>\n\n\n--><br \/>\n<\/body><\/p>\n","protected":false},"excerpt":{"rendered":"<p>Diariodominicano.com La decisi\u00f3n fue comunicada a Lorenzo Santamar\u00eda, en una resoluci\u00f3n del organismo de Gobierno suscrita por sus miembros encabezados por el presidente Tom\u00e1s Bobadilla y Briones. Por HTN Diariodominicano.com SANTO DOMINGO, el 12 de marzo de 1844, la Junta Central Gubernativa nombr\u00f3 a Lorenzo Santamar\u00eda, secretario particular o reservado del general Pedro Santana en [&hellip;]<\/p>\n","protected":false},"author":3,"featured_media":0,"comment_status":"open","ping_status":"open","sticky":false,"template":"","format":"standard","meta":{"footnotes":""},"categories":[21],"tags":[],"class_list":["post-54894","post","type-post","status-publish","format-standard","hentry","category-cultura"],"_links":{"self":[{"href":"https:\/\/diariodominicano.com\/index.php?rest_route=\/wp\/v2\/posts\/54894","targetHints":{"allow":["GET"]}}],"collection":[{"href":"https:\/\/diariodominicano.com\/index.php?rest_route=\/wp\/v2\/posts"}],"about":[{"href":"https:\/\/diariodominicano.com\/index.php?rest_route=\/wp\/v2\/types\/post"}],"author":[{"embeddable":true,"href":"https:\/\/diariodominicano.com\/index.php?rest_route=\/wp\/v2\/users\/3"}],"replies":[{"embeddable":true,"href":"https:\/\/diariodominicano.com\/index.php?rest_route=%2Fwp%2Fv2%2Fcomments&post=54894"}],"version-history":[{"count":0,"href":"https:\/\/diariodominicano.com\/index.php?rest_route=\/wp\/v2\/posts\/54894\/revisions"}],"wp:attachment":[{"href":"https:\/\/diariodominicano.com\/index.php?rest_route=%2Fwp%2Fv2%2Fmedia&parent=54894"}],"wp:term":[{"taxonomy":"category","embeddable":true,"href":"https:\/\/diariodominicano.com\/index.php?rest_route=%2Fwp%2Fv2%2Fcategories&post=54894"},{"taxonomy":"post_tag","embeddable":true,"href":"https:\/\/diariodominicano.com\/index.php?rest_route=%2Fwp%2Fv2%2Ftags&post=54894"}],"curies":[{"name":"wp","href":"https:\/\/api.w.org\/{rel}","templated":true}]}}