{"id":548924,"date":"2024-07-31T17:47:18","date_gmt":"2024-07-31T21:47:18","guid":{"rendered":"https:\/\/diariodominicano.com\/?p=548924"},"modified":"2024-07-31T17:47:20","modified_gmt":"2024-07-31T21:47:20","slug":"imponen-prision-preventiva-a-ciudadano-haitiano-involucrado-en-muerte-de-trabajadora-sexual-en-sdn","status":"publish","type":"post","link":"https:\/\/diariodominicano.com\/?p=548924","title":{"rendered":"Imponen prisi\u00f3n preventiva a ciudadano haitiano involucrado en muerte de trabajadora sexual en SDN"},"content":{"rendered":"\n<p>Santo Domingo Norte (R.D.) mi\u00e9rcoles, 31 de julio de 2024. El Ministerio P\u00fablico de esta jurisdicci\u00f3n obtuvo tres meses de prisi\u00f3n preventiva en contra de un hombre de nacionalidad haitiana involucrado en la muerte de una trabajadora sexual, quien fue encontrada asfixiada por compresi\u00f3n de cuello, el pasado 15 de julio, en una caba\u00f1a ubicada en este municipio.<\/p>\n\n\n\n<p>El juez Kelvys Henr\u00edquez Rodr\u00edguez, de la Oficina Judicial de Servicios de Atenci\u00f3n Permanente, le impuso la medida de coerci\u00f3n a Juan Bernardo N\u00fa\u00f1ez y\/o Jean Gardy Bernardo y\/o Bernardo N\u00fa\u00f1ez (a) Gardy, imputado de provocarle la muerte a una trabajadora sexual de nacionalidad dominicana, de quien se omite su nombre para preservar su integridad.<\/p>\n\n\n\n<p>El procesado cumplir\u00e1 la medida de coerci\u00f3n en la Penitenciar\u00eda Nacional de La Victoria.<\/p>\n\n\n\n<p>El expediente instrumentado por la fiscal investigadora, Ivette Mateo, indica que, previo al crimen, ambos hab\u00edan tenido problemas personales.<\/p>\n\n\n\n<p>Se\u00f1ala que el pasado 15 de julio, se trasladaron a una caba\u00f1a de esta localidad, y, horas m\u00e1s tarde, un empleado del lugar observ\u00f3 que el imputado sali\u00f3 solo del interior de la misma a bordo de la motocicleta en la que se transportaba.<\/p>\n\n\n\n<p>En tanto que otro empleado que posteriormente entr\u00f3 a supervisar la caba\u00f1a, encontr\u00f3 en la cama el cuerpo sin vida de la mujer, inici\u00e1ndose de inmediato las investigaciones del caso.&nbsp;&nbsp;<\/p>\n\n\n\n<p>Durante el conocimiento de la medida de coerci\u00f3n el fiscal litigante Waldimir Reynoso mostr\u00f3 evidencias que vinculan al imputado con los cargos provisionales de violaci\u00f3n a los art\u00edculos 295 y 304 del C\u00f3digo Penal Dominicano.<\/p>\n\n\n\n<p>Las evidencias aportadas al tribunal incluyen un v\u00eddeo que capta el momento en que el ciudadano haitiano sale solo del establecimiento.<\/p>\n\n\n\n<p><strong>Direcci\u00f3n General de Comunicaci\u00f3n, Prensa, y RRPP<\/strong><strong><\/strong><\/p>\n\n\n\n<p>Ministerio P\u00fablico. R.D.<\/p>\n","protected":false},"excerpt":{"rendered":"<p>Santo Domingo Norte (R.D.) mi\u00e9rcoles, 31 de julio de 2024. El Ministerio P\u00fablico de esta jurisdicci\u00f3n obtuvo tres meses de prisi\u00f3n preventiva en contra de un hombre de nacionalidad haitiana involucrado en la muerte de una trabajadora sexual, quien fue encontrada asfixiada por compresi\u00f3n de cuello, el pasado 15 de julio, en una caba\u00f1a ubicada [&hellip;]<\/p>\n","protected":false},"author":7,"featured_media":495896,"comment_status":"closed","ping_status":"closed","sticky":false,"template":"","format":"standard","meta":{"footnotes":""},"categories":[24],"tags":[],"class_list":["post-548924","post","type-post","status-publish","format-standard","has-post-thumbnail","hentry","category-justicia-y-derecho"],"_links":{"self":[{"href":"https:\/\/diariodominicano.com\/index.php?rest_route=\/wp\/v2\/posts\/548924","targetHints":{"allow":["GET"]}}],"collection":[{"href":"https:\/\/diariodominicano.com\/index.php?rest_route=\/wp\/v2\/posts"}],"about":[{"href":"https:\/\/diariodominicano.com\/index.php?rest_route=\/wp\/v2\/types\/post"}],"author":[{"embeddable":true,"href":"https:\/\/diariodominicano.com\/index.php?rest_route=\/wp\/v2\/users\/7"}],"replies":[{"embeddable":true,"href":"https:\/\/diariodominicano.com\/index.php?rest_route=%2Fwp%2Fv2%2Fcomments&post=548924"}],"version-history":[{"count":1,"href":"https:\/\/diariodominicano.com\/index.php?rest_route=\/wp\/v2\/posts\/548924\/revisions"}],"predecessor-version":[{"id":548942,"href":"https:\/\/diariodominicano.com\/index.php?rest_route=\/wp\/v2\/posts\/548924\/revisions\/548942"}],"wp:featuredmedia":[{"embeddable":true,"href":"https:\/\/diariodominicano.com\/index.php?rest_route=\/wp\/v2\/media\/495896"}],"wp:attachment":[{"href":"https:\/\/diariodominicano.com\/index.php?rest_route=%2Fwp%2Fv2%2Fmedia&parent=548924"}],"wp:term":[{"taxonomy":"category","embeddable":true,"href":"https:\/\/diariodominicano.com\/index.php?rest_route=%2Fwp%2Fv2%2Fcategories&post=548924"},{"taxonomy":"post_tag","embeddable":true,"href":"https:\/\/diariodominicano.com\/index.php?rest_route=%2Fwp%2Fv2%2Ftags&post=548924"}],"curies":[{"name":"wp","href":"https:\/\/api.w.org\/{rel}","templated":true}]}}