{"id":548853,"date":"2024-07-31T13:30:01","date_gmt":"2024-07-31T17:30:01","guid":{"rendered":"https:\/\/diariodominicano.com\/?p=548853"},"modified":"2024-07-31T13:30:07","modified_gmt":"2024-07-31T17:30:07","slug":"capturado-presunto-autor-de-robo-de-mas-de-170-mil-pesos-y-celulares-de-una-tienda-en-navarrete-santiago","status":"publish","type":"post","link":"https:\/\/diariodominicano.com\/?p=548853","title":{"rendered":"Capturado presunto autor de robo de m\u00e1s de 170 mil pesos y celulares de una tienda en Navarrete, Santiago"},"content":{"rendered":"\n<p>diariodominicano.com<\/p>\n\n\n\n<p><strong>Santiago, R. D.,<\/strong>\u2002<strong> 31 de julio de 2024 \u2013<\/strong>\u00a0Agentes policiales adscritos a la Divisi\u00f3n de Investigaci\u00f3n de Delitos contra la Propiedad de servicio en el destacamento del municipio de\u00a0 Navarrete, capturaron un hombre acusado junto a otro de penetrar ejerciendo violencia a una tienda de celulares, de donde sustrajeron al menos 11 equipos de diferentes marcas y m\u00e1s de 170 mil pesos en efectivo entre otros objetos en abril de este a\u00f1o, en la citada localidad.<\/p>\n\n\n\n<p>Se trata de Charly Rafael Toribio Cabrera de 21 a\u00f1os, tras emitirse la orden de arresto No. 2024-AJ0009778 en su contra, por su presunta implicaci\u00f3n en el robo.<\/p>\n\n\n\n<p>De acuerdo a la denuncia, dos individuos armados perpetraron&nbsp; al local, sometiendo y at\u00e1ndole las manos al seguridad de dicho establecimiento, procediendo a violentar las puertas, las c\u00e1maras de vigilancia, una ventana, la alarma electr\u00f3nica y un DVR, logrando sustraer 11 tel\u00e9fonos y la suma de $171,660.00 en efectivo que estaban en una caja fuerte.<\/p>\n\n\n\n<p>Nuestros agentes policiales contin\u00faan con las investigaciones para esclarecer todos los detalles del caso y dar con otros posibles responsables, mientras que el detenido est\u00e1 en poder del Ministerio P\u00fablico para los fines legales procedentes.<\/p>\n\n\n\n<p><strong>OFICINA DE INFORMACI\u00d3N Y COMUNICACIONES ESTRAT\u00c9GICAS DE LA POLIC\u00cdA NACIONAL DIRECCI\u00d3N REGIONAL CIBAO CENTRAL<\/strong><\/p>\n","protected":false},"excerpt":{"rendered":"<p>diariodominicano.com Santiago, R. D.,\u2002 31 de julio de 2024 \u2013\u00a0Agentes policiales adscritos a la Divisi\u00f3n de Investigaci\u00f3n de Delitos contra la Propiedad de servicio en el destacamento del municipio de\u00a0 Navarrete, capturaron un hombre acusado junto a otro de penetrar ejerciendo violencia a una tienda de celulares, de donde sustrajeron al menos 11 equipos de [&hellip;]<\/p>\n","protected":false},"author":5,"featured_media":370112,"comment_status":"closed","ping_status":"closed","sticky":true,"template":"","format":"standard","meta":{"footnotes":""},"categories":[24,27],"tags":[],"class_list":["post-548853","post","type-post","status-publish","format-standard","has-post-thumbnail","hentry","category-justicia-y-derecho","category-portada"],"_links":{"self":[{"href":"https:\/\/diariodominicano.com\/index.php?rest_route=\/wp\/v2\/posts\/548853","targetHints":{"allow":["GET"]}}],"collection":[{"href":"https:\/\/diariodominicano.com\/index.php?rest_route=\/wp\/v2\/posts"}],"about":[{"href":"https:\/\/diariodominicano.com\/index.php?rest_route=\/wp\/v2\/types\/post"}],"author":[{"embeddable":true,"href":"https:\/\/diariodominicano.com\/index.php?rest_route=\/wp\/v2\/users\/5"}],"replies":[{"embeddable":true,"href":"https:\/\/diariodominicano.com\/index.php?rest_route=%2Fwp%2Fv2%2Fcomments&post=548853"}],"version-history":[{"count":1,"href":"https:\/\/diariodominicano.com\/index.php?rest_route=\/wp\/v2\/posts\/548853\/revisions"}],"predecessor-version":[{"id":548854,"href":"https:\/\/diariodominicano.com\/index.php?rest_route=\/wp\/v2\/posts\/548853\/revisions\/548854"}],"wp:featuredmedia":[{"embeddable":true,"href":"https:\/\/diariodominicano.com\/index.php?rest_route=\/wp\/v2\/media\/370112"}],"wp:attachment":[{"href":"https:\/\/diariodominicano.com\/index.php?rest_route=%2Fwp%2Fv2%2Fmedia&parent=548853"}],"wp:term":[{"taxonomy":"category","embeddable":true,"href":"https:\/\/diariodominicano.com\/index.php?rest_route=%2Fwp%2Fv2%2Fcategories&post=548853"},{"taxonomy":"post_tag","embeddable":true,"href":"https:\/\/diariodominicano.com\/index.php?rest_route=%2Fwp%2Fv2%2Ftags&post=548853"}],"curies":[{"name":"wp","href":"https:\/\/api.w.org\/{rel}","templated":true}]}}