{"id":548813,"date":"2024-07-31T10:37:52","date_gmt":"2024-07-31T14:37:52","guid":{"rendered":"https:\/\/diariodominicano.com\/?p=548813"},"modified":"2024-07-31T10:38:14","modified_gmt":"2024-07-31T14:38:14","slug":"asr-contemporaneo-presenta-la-exposicion-colectiva-de-artistas-emergentes-inner-canvas","status":"publish","type":"post","link":"https:\/\/diariodominicano.com\/?p=548813","title":{"rendered":"ASR contempor\u00e1neo presenta la exposici\u00f3n colectiva de artistas emergentes \u201cINNER CANVAS\u201d"},"content":{"rendered":"\n<p>diariodominicano.com<\/p>\n\n\n\n<p><strong>Santo Domingo, R. D.,<\/strong>\u2002<strong>31 de julio, 2024.-<\/strong> La prestigiosa Galer\u00eda de Arte San Ram\u00f3n se complace en anunciar la apertura de la exposici\u00f3n \u00abInner Canvas\u00bb, una innovadora muestra que re\u00fane el trabajo de seis destacadas artistas. Esta exposici\u00f3n busca establecer una conexi\u00f3n profunda entre el mundo interior y el exterior a trav\u00e9s del arte, ofreciendo una experiencia que trasciende la mera observaci\u00f3n visual.<\/p>\n\n\n\n<p>En \u00abInner Canvas\u00bb, las artistas Aida V\u00e1squez Yarull, Amalia Estrada Sierra, Betesha Bloise, M\u00f3nica Lapaz, Mueve Flore y Zoraidy Garc\u00eda presentan una serie de obras que invitan al espectador a embarcarse en un viaje introspectivo. Cada pieza es una ventana al alma de la artista, revelando un proceso de autoexploraci\u00f3n y reflexi\u00f3n que resuena profundamente con el p\u00fablico. A trav\u00e9s de una variedad de medios y t\u00e9cnicas, estas artistas han creado una colecci\u00f3n que desaf\u00eda las percepciones tradicionales del arte. Las obras expuestas no son simplemente para ser vistas; son para ser experimentadas. Invitan a los espectadores a sumergirse en un di\u00e1logo \u00edntimo, explorando sus propias emociones y percepciones mientras se conectan con las experiencias personales de las creadoras.<\/p>\n\n\n\n<p>\u00abInner Canvas\u00bb no es solo una exposici\u00f3n; es un compromiso activo con la creatividad y la introspecci\u00f3n. Las artistas utilizan sus obras para plantear preguntas y provocar pensamientos, desafiando al p\u00fablico a confrontar sus propias emociones y a descubrir nuevas profundidades dentro de s\u00ed mismos. Esta muestra es una celebraci\u00f3n de la autenticidad y la vulnerabilidad, ofreciendo una plataforma para que los visitantes se conecten de manera significativa con el arte y consigo mismos.<\/p>\n\n\n\n<p>Con m\u00e1s de seis d\u00e9cadas de historia, la Galer\u00eda de Arte San Ram\u00f3n ha sido un pilar fundamental en la promoci\u00f3n del talento art\u00edstico local. Reconocida como una de las instituciones m\u00e1s prominentes en el \u00e1mbito del arte en el Caribe, la galer\u00eda ha sostenido un firme compromiso con el apoyo a los artistas dominicanos. \u00abInner Canvas\u00bb es un testimonio m\u00e1s de esta dedicaci\u00f3n, presentando una muestra que refleja la riqueza y diversidad del talento art\u00edstico de la regi\u00f3n.<\/p>\n\n\n\n<p>La exposici\u00f3n \u00abInner Canvas\u00bb promete ofrecer una experiencia especial y profunda, alineada con la visi\u00f3n y la inspiraci\u00f3n de las artistas. A trav\u00e9s de esta muestra, los visitantes tendr\u00e1n la oportunidad de explorar la espiritualidad y la conexi\u00f3n con el ser interior desde una perspectiva \u00fanica y personal. La exposici\u00f3n estar\u00e1 abierta al p\u00fablico a partir del 24 de julio de 2024 en la Galer\u00eda de Arte San Ram\u00f3n. Los visitantes est\u00e1n invitados a unirse a las artistas en la apertura oficial para compartir y celebrar este extraordinario viaje creativo.<\/p>\n\n\n\n<figure class=\"wp-block-table\"><table><tbody><tr><td><strong>Daniela Sena<\/strong><\/td><\/tr><\/tbody><\/table><figcaption class=\"wp-element-caption\">Lendof &amp;Asociado<\/figcaption><\/figure>\n","protected":false},"excerpt":{"rendered":"<p>diariodominicano.com Santo Domingo, R. D.,\u200231 de julio, 2024.- La prestigiosa Galer\u00eda de Arte San Ram\u00f3n se complace en anunciar la apertura de la exposici\u00f3n \u00abInner Canvas\u00bb, una innovadora muestra que re\u00fane el trabajo de seis destacadas artistas. Esta exposici\u00f3n busca establecer una conexi\u00f3n profunda entre el mundo interior y el exterior a trav\u00e9s del arte, [&hellip;]<\/p>\n","protected":false},"author":5,"featured_media":548821,"comment_status":"closed","ping_status":"closed","sticky":true,"template":"","format":"standard","meta":{"footnotes":""},"categories":[20,25,27],"tags":[],"class_list":["post-548813","post","type-post","status-publish","format-standard","has-post-thumbnail","hentry","category-dominicana-hoy","category-gente","category-portada"],"_links":{"self":[{"href":"https:\/\/diariodominicano.com\/index.php?rest_route=\/wp\/v2\/posts\/548813","targetHints":{"allow":["GET"]}}],"collection":[{"href":"https:\/\/diariodominicano.com\/index.php?rest_route=\/wp\/v2\/posts"}],"about":[{"href":"https:\/\/diariodominicano.com\/index.php?rest_route=\/wp\/v2\/types\/post"}],"author":[{"embeddable":true,"href":"https:\/\/diariodominicano.com\/index.php?rest_route=\/wp\/v2\/users\/5"}],"replies":[{"embeddable":true,"href":"https:\/\/diariodominicano.com\/index.php?rest_route=%2Fwp%2Fv2%2Fcomments&post=548813"}],"version-history":[{"count":1,"href":"https:\/\/diariodominicano.com\/index.php?rest_route=\/wp\/v2\/posts\/548813\/revisions"}],"predecessor-version":[{"id":548823,"href":"https:\/\/diariodominicano.com\/index.php?rest_route=\/wp\/v2\/posts\/548813\/revisions\/548823"}],"wp:featuredmedia":[{"embeddable":true,"href":"https:\/\/diariodominicano.com\/index.php?rest_route=\/wp\/v2\/media\/548821"}],"wp:attachment":[{"href":"https:\/\/diariodominicano.com\/index.php?rest_route=%2Fwp%2Fv2%2Fmedia&parent=548813"}],"wp:term":[{"taxonomy":"category","embeddable":true,"href":"https:\/\/diariodominicano.com\/index.php?rest_route=%2Fwp%2Fv2%2Fcategories&post=548813"},{"taxonomy":"post_tag","embeddable":true,"href":"https:\/\/diariodominicano.com\/index.php?rest_route=%2Fwp%2Fv2%2Ftags&post=548813"}],"curies":[{"name":"wp","href":"https:\/\/api.w.org\/{rel}","templated":true}]}}