{"id":548726,"date":"2024-07-31T01:06:54","date_gmt":"2024-07-31T05:06:54","guid":{"rendered":"https:\/\/diariodominicano.com\/?p=548726"},"modified":"2024-07-31T02:49:04","modified_gmt":"2024-07-31T06:49:04","slug":"copardom-reafirma-su-compromiso-con-la-seguridad-y-salud","status":"publish","type":"post","link":"https:\/\/diariodominicano.com\/?p=548726","title":{"rendered":"COPARDOM reafirma su compromiso con la seguridad y salud"},"content":{"rendered":"\n<p>La presidenta de COPARDOM, Laura Pe\u00f1a Izquierdo<\/p>\n\n\n\n<p><strong>Santo Domingo, Rep. Dom.-<\/strong>&nbsp;La Confederaci\u00f3n Patronal de la Rep\u00fablica Dominicana (COPARDOM) enfatiz\u00f3 este martes el compromiso que tiene esa entidad con la seguridad y salud laboral, la cual considera como derechos fundamentales.<\/p>\n\n\n\n<p>La presidenta de COPARDOM, Laura Pe\u00f1a Izquierdo, expres\u00f3 el compromiso de promover el cumplimiento de las leyes laborales y fomentar mejoras continuas en el ambiente de trabajo.<\/p>\n\n\n\n<figure class=\"wp-block-gallery has-nested-images columns-default is-cropped wp-block-gallery-1 is-layout-flex wp-block-gallery-is-layout-flex\">\n<figure class=\"wp-block-image size-large\"><img loading=\"lazy\" decoding=\"async\" width=\"1024\" height=\"761\" data-id=\"548779\" src=\"https:\/\/diariodominicano.com\/wp-content\/uploads\/2024\/07\/Laura-Pena-Izquierdo-presidenta-de-la-Copardom-1024x761.jpg\" alt=\"\" class=\"wp-image-548779\" srcset=\"https:\/\/diariodominicano.com\/wp-content\/uploads\/2024\/07\/Laura-Pena-Izquierdo-presidenta-de-la-Copardom-1024x761.jpg 1024w, https:\/\/diariodominicano.com\/wp-content\/uploads\/2024\/07\/Laura-Pena-Izquierdo-presidenta-de-la-Copardom-300x223.jpg 300w, https:\/\/diariodominicano.com\/wp-content\/uploads\/2024\/07\/Laura-Pena-Izquierdo-presidenta-de-la-Copardom-768x571.jpg 768w, https:\/\/diariodominicano.com\/wp-content\/uploads\/2024\/07\/Laura-Pena-Izquierdo-presidenta-de-la-Copardom-1536x1142.jpg 1536w, https:\/\/diariodominicano.com\/wp-content\/uploads\/2024\/07\/Laura-Pena-Izquierdo-presidenta-de-la-Copardom-816x607.jpg 816w, https:\/\/diariodominicano.com\/wp-content\/uploads\/2024\/07\/Laura-Pena-Izquierdo-presidenta-de-la-Copardom.jpg 1650w\" sizes=\"auto, (max-width: 1024px) 100vw, 1024px\" \/><\/figure>\n<\/figure>\n\n\n\n<p>Las declaraciones de la dirigente empresarial fueron externadas a prop\u00f3sito de la informaci\u00f3n rese\u00f1ada en los medios de comunicaci\u00f3n nacionales respecto a empresas que fueron sancionadas por el Ministerio de Trabajo.<\/p>\n\n\n\n<p>En ese sentido, indic\u00f3 que conf\u00eda en que se haya seguido el debido proceso y garantizado la transparencia y justicia para todas las partes involucradas.<\/p>\n\n\n\n<p>\u201cCOPARDOM reafirma su compromiso con pr\u00e1cticas laborales responsables y la cooperaci\u00f3n con las autoridades para asegurar el cumplimiento de las leyes y regulaciones\u201d, manifest\u00f3 Pe\u00f1a Izquierdo.<\/p>\n\n\n\n<figure class=\"wp-block-gallery has-nested-images columns-default is-cropped wp-block-gallery-2 is-layout-flex wp-block-gallery-is-layout-flex\">\n<figure class=\"wp-block-image size-large\"><img loading=\"lazy\" decoding=\"async\" width=\"683\" height=\"1024\" data-id=\"548727\" src=\"https:\/\/diariodominicano.com\/wp-content\/uploads\/2024\/07\/Foto-3-Laura-Pena-Izquierdo-presidenta-de-la-Copardom-683x1024.jpg\" alt=\"\" class=\"wp-image-548727\" srcset=\"https:\/\/diariodominicano.com\/wp-content\/uploads\/2024\/07\/Foto-3-Laura-Pena-Izquierdo-presidenta-de-la-Copardom-683x1024.jpg 683w, https:\/\/diariodominicano.com\/wp-content\/uploads\/2024\/07\/Foto-3-Laura-Pena-Izquierdo-presidenta-de-la-Copardom-200x300.jpg 200w, https:\/\/diariodominicano.com\/wp-content\/uploads\/2024\/07\/Foto-3-Laura-Pena-Izquierdo-presidenta-de-la-Copardom-768x1151.jpg 768w, https:\/\/diariodominicano.com\/wp-content\/uploads\/2024\/07\/Foto-3-Laura-Pena-Izquierdo-presidenta-de-la-Copardom-1025x1536.jpg 1025w, https:\/\/diariodominicano.com\/wp-content\/uploads\/2024\/07\/Foto-3-Laura-Pena-Izquierdo-presidenta-de-la-Copardom-1366x2048.jpg 1366w, https:\/\/diariodominicano.com\/wp-content\/uploads\/2024\/07\/Foto-3-Laura-Pena-Izquierdo-presidenta-de-la-Copardom-816x1223.jpg 816w, https:\/\/diariodominicano.com\/wp-content\/uploads\/2024\/07\/Foto-3-Laura-Pena-Izquierdo-presidenta-de-la-Copardom-scaled.jpg 1708w\" sizes=\"auto, (max-width: 683px) 100vw, 683px\" \/><\/figure>\n<\/figure>\n\n\n\n<p>Enver L\u00f3pez Milander &nbsp; l &nbsp; Email:&nbsp;<a href=\"mailto:enverolm@gmail.com\" target=\"_blank\" rel=\"noreferrer noopener\">enverolm@gmail.com<\/a>&nbsp;&nbsp; <\/p>\n","protected":false},"excerpt":{"rendered":"<p>La presidenta de COPARDOM, Laura Pe\u00f1a Izquierdo Santo Domingo, Rep. Dom.-&nbsp;La Confederaci\u00f3n Patronal de la Rep\u00fablica Dominicana (COPARDOM) enfatiz\u00f3 este martes el compromiso que tiene esa entidad con la seguridad y salud laboral, la cual considera como derechos fundamentales. La presidenta de COPARDOM, Laura Pe\u00f1a Izquierdo, expres\u00f3 el compromiso de promover el cumplimiento de las [&hellip;]<\/p>\n","protected":false},"author":2,"featured_media":548780,"comment_status":"closed","ping_status":"closed","sticky":false,"template":"","format":"standard","meta":{"footnotes":""},"categories":[20,18,27],"tags":[],"class_list":["post-548726","post","type-post","status-publish","format-standard","has-post-thumbnail","hentry","category-dominicana-hoy","category-economia","category-portada"],"_links":{"self":[{"href":"https:\/\/diariodominicano.com\/index.php?rest_route=\/wp\/v2\/posts\/548726","targetHints":{"allow":["GET"]}}],"collection":[{"href":"https:\/\/diariodominicano.com\/index.php?rest_route=\/wp\/v2\/posts"}],"about":[{"href":"https:\/\/diariodominicano.com\/index.php?rest_route=\/wp\/v2\/types\/post"}],"author":[{"embeddable":true,"href":"https:\/\/diariodominicano.com\/index.php?rest_route=\/wp\/v2\/users\/2"}],"replies":[{"embeddable":true,"href":"https:\/\/diariodominicano.com\/index.php?rest_route=%2Fwp%2Fv2%2Fcomments&post=548726"}],"version-history":[{"count":3,"href":"https:\/\/diariodominicano.com\/index.php?rest_route=\/wp\/v2\/posts\/548726\/revisions"}],"predecessor-version":[{"id":548781,"href":"https:\/\/diariodominicano.com\/index.php?rest_route=\/wp\/v2\/posts\/548726\/revisions\/548781"}],"wp:featuredmedia":[{"embeddable":true,"href":"https:\/\/diariodominicano.com\/index.php?rest_route=\/wp\/v2\/media\/548780"}],"wp:attachment":[{"href":"https:\/\/diariodominicano.com\/index.php?rest_route=%2Fwp%2Fv2%2Fmedia&parent=548726"}],"wp:term":[{"taxonomy":"category","embeddable":true,"href":"https:\/\/diariodominicano.com\/index.php?rest_route=%2Fwp%2Fv2%2Fcategories&post=548726"},{"taxonomy":"post_tag","embeddable":true,"href":"https:\/\/diariodominicano.com\/index.php?rest_route=%2Fwp%2Fv2%2Ftags&post=548726"}],"curies":[{"name":"wp","href":"https:\/\/api.w.org\/{rel}","templated":true}]}}